{"id":25547531,"date":"2025-03-17T11:33:51","date_gmt":"2025-03-17T10:33:51","guid":{"rendered":"https:\/\/www.terrasdecor.be\/welkom-in-onze-vernieuwde-onthaalruimte-waar-beleving-en-vakmanschap-samenkomen\/"},"modified":"2025-04-16T13:07:16","modified_gmt":"2025-04-16T12:07:16","slug":"welkom-in-onze-vernieuwde-onthaalruimte-waar-beleving-en-vakmanschap-samenkomen","status":"publish","type":"post","link":"https:\/\/www.terrasdecor.be\/fr\/welkom-in-onze-vernieuwde-onthaalruimte-waar-beleving-en-vakmanschap-samenkomen\/","title":{"rendered":"Bienvenue dans notre nouvel espace de r\u00e9ception, o\u00f9 l&rsquo;exp\u00e9rience et l&rsquo;artisanat se conjuguent."},"content":{"rendered":"<p>[et_pb_section fb_built=\u00a0\u00bb1&Prime; _builder_version=\u00a0\u00bb4.27.4&Prime; _module_preset=\u00a0\u00bbdefault\u00a0\u00bb background_color=\u00a0\u00bb#f0f0f0&Prime; custom_margin=\u00a0\u00bb0px||0px||true|false\u00a0\u00bb custom_padding=\u00a0\u00bb0px||0px||true|false\u00a0\u00bb da_disable_devices=\u00a0\u00bboff|off|off\u00a0\u00bb global_colors_info=\u00a0\u00bb{}\u00a0\u00bb da_is_popup=\u00a0\u00bboff\u00a0\u00bb da_exit_intent=\u00a0\u00bboff\u00a0\u00bb da_has_close=\u00a0\u00bbon\u00a0\u00bb da_alt_close=\u00a0\u00bboff\u00a0\u00bb da_dark_close=\u00a0\u00bboff\u00a0\u00bb da_not_modal=\u00a0\u00bbon\u00a0\u00bb da_is_singular=\u00a0\u00bboff\u00a0\u00bb da_with_loader=\u00a0\u00bboff\u00a0\u00bb da_has_shadow=\u00a0\u00bbon\u00a0\u00bb][et_pb_row _builder_version=\u00a0\u00bb4.27.4&Prime; _module_preset=\u00a0\u00bbdefault\u00a0\u00bb width=\u00a0\u00bb100%\u00a0\u00bb max_width=\u00a0\u00bb2560px\u00a0\u00bb custom_margin=\u00a0\u00bb0px||0px||false|false\u00a0\u00bb custom_padding=\u00a0\u00bb0px||0px||true|false\u00a0\u00bb global_colors_info=\u00a0\u00bb{}\u00a0\u00bb][et_pb_column type=\u00a0\u00bb4_4&Prime; _builder_version=\u00a0\u00bb4.27.4&Prime; _module_preset=\u00a0\u00bbdefault\u00a0\u00bb global_colors_info=\u00a0\u00bb{}\u00a0\u00bb][et_pb_post_title title=\u00a0\u00bb\u00e9teint\u00a0\u00bb meta=\u00a0\u00bboff\u00a0\u00bb featured_placement=\u00a0\u00bbbackground\u00a0\u00bb _builder_version=\u00a0\u00bb4.27.4&Prime; _module_preset=\u00a0\u00bbdefault\u00a0\u00bb title_font=\u00a0\u00bb|800||on|||||\u00a0\u00bb title_text_align=\u00a0\u00bbcenter\u00a0\u00bb title_text_color=\u00a0\u00bb#FFFFFF\u00a0\u00bb title_font_size=\u00a0\u00bb50px\u00a0\u00bb title_letter_spacing=\u00a0\u00bb1px\u00a0\u00bb background_enable_image=\u00a0\u00bboff\u00a0\u00bb max_height=\u00a0\u00bb350px\u00a0\u00bb custom_padding=\u00a0\u00bb67px|||||\u00a0\u00bb global_colors_info=\u00a0\u00bb{}\u00a0\u00bb][\/et_pb_post_title][\/et_pb_column][\/et_pb_row][et_pb_row _builder_version=\u00a0\u00bb4.17.4&Prime; _module_preset=\u00a0\u00bbdefault\u00a0\u00bb max_width=\u00a0\u00bb1203px\u00a0\u00bb custom_margin=\u00a0\u00bb0px||||false|false\u00a0\u00bb custom_padding=\u00a0\u00bb0px||0px||false|false\u00a0\u00bb global_colors_info=\u00a0\u00bb{}\u00a0\u00bb][et_pb_column type=\u00a0\u00bb4_4&Prime; _builder_version=\u00a0\u00bb4.17.4&Prime; _module_preset=\u00a0\u00bbdefault\u00a0\u00bb global_colors_info=\u00a0\u00bb{}\u00a0\u00bb][et_pb_image src=\u00a0\u00bbhttps:\/\/www.terrasdecor.be\/wp-content\/uploads\/2024\/01\/Dat-is-hedendaags-wonen-FR.png\u00a0\u00bb title_text=\u00a0\u00bbC&#039;est la vie contemporaine\u00a0\u00bb _builder_version=\u00a0\u00bb4.17.4&Prime; _module_preset=\u00a0\u00bbdefault\u00a0\u00bb width=\u00a0\u00bb229px\u00a0\u00bb width_tablet=\u00a0\u00bb229px\u00a0\u00bb width_phone=\u00a0\u00bb40%\u00a0\u00bb width_last_edited=\u00a0\u00bbon|phone\u00a0\u00bb module_alignment=\u00a0\u00bbright\u00a0\u00bb custom_margin=\u00a0\u00bb-193px||||false|false\u00a0\u00bb custom_margin_tablet=\u00a0\u00bb-193px||||false|false\u00a0\u00bb custom_margin_phone=\u00a0\u00bb-50px||||false|false\u00a0\u00bb custom_margin_last_edited=\u00a0\u00bbon|phone\u00a0\u00bb global_colors_info=\u00a0\u00bb{}\u00a0\u00bb][\/et_pb_image][\/et_pb_column][\/et_pb_row][\/et_pb_section][et_pb_section fb_built=\u00a0\u00bb1&Prime; custom_padding_last_edited=\u00a0\u00bbon|phone\u00a0\u00bb _builder_version=\u00a0\u00bb4.17.4&Prime; _module_preset=\u00a0\u00bbdefault\u00a0\u00bb background_color=\u00a0\u00bb#f0f0f0&Prime; custom_padding=\u00a0\u00bb0px||100px||false|false\u00a0\u00bb custom_padding_tablet=\u00a0\u00bb0px||100px||false|false\u00a0\u00bb custom_padding_phone=\u00a0\u00bb0px||40px||false|false\u00a0\u00bb da_disable_devices=\u00a0\u00bboff|off|off\u00a0\u00bb global_colors_info=\u00a0\u00bb{}\u00a0\u00bb da_is_popup=\u00a0\u00bboff\u00a0\u00bb da_exit_intent=\u00a0\u00bboff\u00a0\u00bb da_has_close=\u00a0\u00bbon\u00a0\u00bb da_alt_close=\u00a0\u00bboff\u00a0\u00bb da_dark_close=\u00a0\u00bboff\u00a0\u00bb da_not_modal=\u00a0\u00bbon\u00a0\u00bb da_is_singular=\u00a0\u00bboff\u00a0\u00bb da_with_loader=\u00a0\u00bboff\u00a0\u00bb da_has_shadow=\u00a0\u00bbon\u00a0\u00bb][et_pb_row make_equal=\u00a0\u00bbon\u00a0\u00bb custom_padding_last_edited=\u00a0\u00bbon|phone\u00a0\u00bb _builder_version=\u00a0\u00bb4.17.4&Prime; _module_preset=\u00a0\u00bbdefault\u00a0\u00bb width=\u00a0\u00bb70%\u00a0\u00bb width_tablet=\u00a0\u00bb70%\u00a0\u00bb width_phone=\u00a0\u00bb80%\u00a0\u00bb width_last_edited=\u00a0\u00bbon|phone\u00a0\u00bb max_width=\u00a0\u00bb2560px\u00a0\u00bb custom_padding=\u00a0\u00bb80px||0px||false|false\u00a0\u00bb custom_padding_tablet=\u00a0\u00bb50px||0px||false|false\u00a0\u00bb custom_padding_phone=\u00a0\u00bb20px||||false|false\u00a0\u00bb global_colors_info=\u00a0\u00bb{}\u00a0\u00bb][et_pb_column type=\u00a0\u00bb4_4&Prime; _builder_version=\u00a0\u00bb4.17.4&Prime; _module_preset=\u00a0\u00bbdefault\u00a0\u00bb global_colors_info=\u00a0\u00bb{}\u00a0\u00bb][et_pb_post_title meta=\u00a0\u00bboff\u00a0\u00bb featured_image=\u00a0\u00bboff\u00a0\u00bb _builder_version=\u00a0\u00bb4.27.4&Prime; _module_preset=\u00a0\u00bbdefault\u00a0\u00bb title_font=\u00a0\u00bb|800||on|||||\u00a0\u00bb title_text_align=\u00a0\u00bbcenter\u00a0\u00bb title_font_size=\u00a0\u00bb37px\u00a0\u00bb title_letter_spacing=\u00a0\u00bb1px\u00a0\u00bb custom_margin=\u00a0\u00bb||70px|||\u00a0\u00bb global_colors_info=\u00a0\u00bb{}\u00a0\u00bb][\/et_pb_post_title][\/et_pb_column][\/et_pb_row][et_pb_row column_structure=\u00a0\u00bb1_2,1_2&Prime; make_equal=\u00a0\u00bbon\u00a0\u00bb custom_padding_last_edited=\u00a0\u00bbon|phone\u00a0\u00bb _builder_version=\u00a0\u00bb4.27.4&Prime; _module_preset=\u00a0\u00bbdefault\u00a0\u00bb width=\u00a0\u00bb70%\u00a0\u00bb width_tablet=\u00a0\u00bb70%\u00a0\u00bb width_phone=\u00a0\u00bb80%\u00a0\u00bb width_last_edited=\u00a0\u00bbon|phone\u00a0\u00bb max_width=\u00a0\u00bb2560px\u00a0\u00bb custom_padding=\u00a0\u00bb13px||0px||false|false\u00a0\u00bb custom_padding_tablet=\u00a0\u00bb||0px||false|false\u00a0\u00bb custom_padding_phone=\u00a0\u00bb20px||||false|false\u00a0\u00bb global_colors_info=\u00a0\u00bb{}\u00a0\u00bb][et_pb_column type=\u00a0\u00bb1_2&Prime; _builder_version=\u00a0\u00bb4.17.4&Prime; _module_preset=\u00a0\u00bbdefault\u00a0\u00bb background_enable_image=\u00a0\u00bboff\u00a0\u00bb global_colors_info=\u00a0\u00bb{}\u00a0\u00bb][et_pb_text _builder_version=\u00a0\u00bb4.27.4&Prime; _module_preset=\u00a0\u00bbdefault\u00a0\u00bb text_letter_spacing=\u00a0\u00bb0.36px\u00a0\u00bb text_line_height=\u00a0\u00bb22px\u00a0\u00bb header_4_font=\u00a0\u00bb|800|||||||\u00a0\u00bb header_4_text_align=\u00a0\u00bbleft\u00a0\u00bb header_4_text_color=\u00a0\u00bb#276958&Prime; header_4_font_size=\u00a0\u00bb24px\u00a0\u00bb header_4_letter_spacing=\u00a0\u00bb0.48px\u00a0\u00bb header_4_line_height=\u00a0\u00bb1.5em\u00a0\u00bb custom_margin=\u00a0\u00bb||0px||false|false\u00a0\u00bb custom_padding=\u00a0\u00bb10px||15px||false|false\u00a0\u00bb header_4_font_size_tablet=\u00a0\u00bb24px\u00a0\u00bb header_4_font_size_phone=\u00a0\u00bb20px\u00a0\u00bb header_4_font_size_last_edited=\u00a0\u00bbon|phone\u00a0\u00bb header_4_line_height_tablet=\u00a0\u00bb1.5em\u00a0\u00bb header_4_line_height_phone=\u00a0\u00bb1.4em\u00a0\u00bb header_4_line_height_last_edited=\u00a0\u00bbon|phone\u00a0\u00bb global_colors_info=\u00a0\u00bb{}\u00a0\u00bb]<\/p>\n<h4>Notre espace d&rsquo;accueil r\u00e9nov\u00e9<\/h4>\n<p>[\/et_pb_text][et_pb_text _builder_version=\u00a0\u00bb4.27.4&Prime; _module_preset=\u00a0\u00bbdefault\u00a0\u00bb text_letter_spacing=\u00a0\u00bb0.36px\u00a0\u00bb text_line_height=\u00a0\u00bb26px\u00a0\u00bb link_text_color=\u00a0\u00bb#276958&Prime; ul_line_height=\u00a0\u00bb1.7em\u00a0\u00bb header_4_text_color=\u00a0\u00bb#276958&Prime; header_4_font_size=\u00a0\u00bb24px\u00a0\u00bb header_4_letter_spacing=\u00a0\u00bb0.48px\u00a0\u00bb header_4_line_height=\u00a0\u00bb1.2em\u00a0\u00bb text_orientation=\u00a0\u00bbcenter\u00a0\u00bb max_width=\u00a0\u00bb1000px\u00a0\u00bb module_alignment=\u00a0\u00bbcenter\u00a0\u00bb custom_margin=\u00a0\u00bb||16px||false|false\u00a0\u00bb custom_padding=\u00a0\u00bb||0px||false|false\u00a0\u00bb custom_padding_tablet=\u00a0\u00bb||30px||false|false\u00a0\u00bb custom_padding_phone=\u00a0\u00bb||15px||false|false\u00a0\u00bb custom_padding_last_edited=\u00a0\u00bbon|phone\u00a0\u00bb global_colors_info=\u00a0\u00bb{}\u00a0\u00bb]<\/p>\n<p style=\"text-align: left;\">Chez veranda&rsquo;s Terrasdecor, nous attachons une grande importance \u00e0 la qualit\u00e9 et \u00e0 l&rsquo;exp\u00e9rience client. C&rsquo;est pourquoi nous avons enti\u00e8rement r\u00e9am\u00e9nag\u00e9 notre espace de r\u00e9ception afin de vous accueillir encore mieux dans un environnement chaleureux. Nous voulons que votre premi\u00e8re impression refl\u00e8te imm\u00e9diatement les valeurs de notre entreprise familiale : savoir-faire, souci du d\u00e9tail et durabilit\u00e9.  <\/p>\n<p>[\/et_pb_text][et_pb_text _builder_version=\u00a0\u00bb4.25.1&Prime; _module_preset=\u00a0\u00bbdefault\u00a0\u00bb text_letter_spacing=\u00a0\u00bb0.36px\u00a0\u00bb text_line_height=\u00a0\u00bb22px\u00a0\u00bb header_4_font=\u00a0\u00bb|800|||||||\u00a0\u00bb header_4_text_align=\u00a0\u00bbleft\u00a0\u00bb header_4_text_color=\u00a0\u00bb#276958&Prime; header_4_font_size=\u00a0\u00bb24px\u00a0\u00bb header_4_letter_spacing=\u00a0\u00bb0.48px\u00a0\u00bb header_4_line_height=\u00a0\u00bb1.5em\u00a0\u00bb custom_margin=\u00a0\u00bb||0px||false|false\u00a0\u00bb custom_padding=\u00a0\u00bb10px||15px||false|false\u00a0\u00bb header_4_font_size_tablet=\u00a0\u00bb24px\u00a0\u00bb header_4_font_size_phone=\u00a0\u00bb20px\u00a0\u00bb header_4_font_size_last_edited=\u00a0\u00bbon|phone\u00a0\u00bb header_4_line_height_tablet=\u00a0\u00bb1.5em\u00a0\u00bb header_4_line_height_phone=\u00a0\u00bb1.4em\u00a0\u00bb header_4_line_height_last_edited=\u00a0\u00bbon|phone\u00a0\u00bb global_colors_info=\u00a0\u00bb{}\u00a0\u00bb]<\/p>\n<h4>Une premi\u00e8re impression moderne<\/h4>\n<p>[\/et_pb_text][et_pb_text _builder_version=\u00a0\u00bb4.25.1&Prime; _module_preset=\u00a0\u00bbdefault\u00a0\u00bb text_letter_spacing=\u00a0\u00bb0.36px\u00a0\u00bb text_line_height=\u00a0\u00bb26px\u00a0\u00bb link_font=\u00a0\u00bb|800|||||||\u00a0\u00bb link_text_color=\u00a0\u00bb#276958&Prime; ul_line_height=\u00a0\u00bb1.7em\u00a0\u00bb header_4_text_color=\u00a0\u00bb#276958&Prime; header_4_font_size=\u00a0\u00bb24px\u00a0\u00bb header_4_letter_spacing=\u00a0\u00bb0.48px\u00a0\u00bb header_4_line_height=\u00a0\u00bb1.2em\u00a0\u00bb custom_margin=\u00a0\u00bb||14px||false|false\u00a0\u00bb custom_padding=\u00a0\u00bb||30px||false|false\u00a0\u00bb global_colors_info=\u00a0\u00bb{}\u00a0\u00bb]<\/p>\n<p>Notre hall d&rsquo;entr\u00e9e a \u00e9t\u00e9 enti\u00e8rement relook\u00e9 avec un auvent \u00e9quip\u00e9 de plantes artificielles. Cela donne une impression de fra\u00eecheur et de verdure. Le rev\u00eatement en bois ajoute une touche naturelle et chaleureuse et souligne notre affinit\u00e9 avec les mat\u00e9riaux durables. Ce jeu d&rsquo;\u00e9l\u00e9ments cr\u00e9e un look \u00e0 la fois moderne et intemporel qui refl\u00e8te parfaitement notre identit\u00e9 de sp\u00e9cialiste de la v\u00e9randa. Nous avons \u00e9galement optimis\u00e9 l&rsquo;\u00e9clairage pour maintenir une atmosph\u00e8re accueillante de jour comme de nuit.    <\/p>\n<p>[\/et_pb_text][\/et_pb_column][et_pb_column type=\u00a0\u00bb1_2&Prime; _builder_version=\u00a0\u00bb4.17.4&Prime; _module_preset=\u00a0\u00bbdefault\u00a0\u00bb global_colors_info=\u00a0\u00bb{}\u00a0\u00bb][dipl_image_card_carousel cards_per_slide=\u00a0\u00bb1&Prime; cards_per_slide_tablet=\u00a0\u00bb1&Prime; cards_per_slide_phone=\u00a0\u00bb1&Prime; _builder_version=\u00a0\u00bb4.27.4&Prime; _module_preset=\u00a0\u00bbdefault\u00a0\u00bb hover_enabled=\u00a0\u00bb0&Prime; global_colors_info=\u00a0\u00bb{}\u00a0\u00bb show_arrow=\u00a0\u00bbon\u00a0\u00bb arrow_color=\u00a0\u00bb#FFFFFF\u00a0\u00bb arrow_font_size=\u00a0\u00bb35px\u00a0\u00bb sticky_enabled=\u00a0\u00bb0&Prime;][dipl_image_card_carousel_item image=\u00a0\u00bbhttps:\/\/www.terrasdecor.be\/wp-content\/uploads\/2025\/03\/IMG_3779.jpeg\u00a0\u00bb _builder_version=\u00a0\u00bb4.27.4&Prime; _module_preset=\u00a0\u00bbdefault\u00a0\u00bb hover_enabled=\u00a0\u00bb0&Prime; global_colors_info=\u00a0\u00bb{}\u00a0\u00bb sticky_enabled=\u00a0\u00bb0&Prime;][\/dipl_image_card_carousel_item][dipl_image_card_carousel_item image=\u00a0\u00bbhttps:\/\/www.terrasdecor.be\/wp-content\/uploads\/2025\/03\/IMG_3781.jpeg\u00a0\u00bb _builder_version=\u00a0\u00bb4.27.4&Prime; _module_preset=\u00a0\u00bbdefault\u00a0\u00bb global_colors_info=\u00a0\u00bb{}\u00a0\u00bb][\/dipl_image_card_carousel_item][dipl_image_card_carousel_item image=\u00a0\u00bbhttps:\/\/www.terrasdecor.be\/wp-content\/uploads\/2025\/03\/IMG_3784.jpeg\u00a0\u00bb _builder_version=\u00a0\u00bb4.27.4&Prime; _module_preset=\u00a0\u00bbdefault\u00a0\u00bb global_colors_info=\u00a0\u00bb{}\u00a0\u00bb][\/dipl_image_card_carousel_item][dipl_image_card_carousel_item image=\u00a0\u00bbhttps:\/\/www.terrasdecor.be\/wp-content\/uploads\/2025\/03\/IMG_3785.jpeg\u00a0\u00bb _builder_version=\u00a0\u00bb4.27.4&Prime; _module_preset=\u00a0\u00bbdefault\u00a0\u00bb global_colors_info=\u00a0\u00bb{}\u00a0\u00bb][\/dipl_image_card_carousel_item][\/dipl_image_card_carousel][\/et_pb_column][\/et_pb_row][et_pb_row column_structure=\u00a0\u00bb1_3,1_3,1_3&Prime; make_equal=\u00a0\u00bbon\u00a0\u00bb custom_padding_last_edited=\u00a0\u00bbon|phone\u00a0\u00bb _builder_version=\u00a0\u00bb4.27.4&Prime; _module_preset=\u00a0\u00bbdefault\u00a0\u00bb width=\u00a0\u00bb70%\u00a0\u00bb width_tablet=\u00a0\u00bb70%\u00a0\u00bb width_phone=\u00a0\u00bb80%\u00a0\u00bb width_last_edited=\u00a0\u00bbon|phone\u00a0\u00bb max_width=\u00a0\u00bb2560px\u00a0\u00bb custom_margin=\u00a0\u00bb100px||100px||true|false\u00a0\u00bb custom_margin_last_edited=\u00a0\u00bboff|desktop\u00a0\u00bb custom_padding=\u00a0\u00bb13px||0px||false|false\u00a0\u00bb custom_padding_tablet=\u00a0\u00bb||0px||false|false\u00a0\u00bb custom_padding_phone=\u00a0\u00bb20px||||false|false\u00a0\u00bb global_colors_info=\u00a0\u00bb{}\u00a0\u00bb][et_pb_column type=\u00a0\u00bb1_3&Prime; _builder_version=\u00a0\u00bb4.17.4&Prime; _module_preset=\u00a0\u00bbdefault\u00a0\u00bb global_colors_info=\u00a0\u00bb{}\u00a0\u00bb][et_pb_divider show_divider=\u00a0\u00bboff\u00a0\u00bb _builder_version=\u00a0\u00bb4.27.4&Prime; _module_preset=\u00a0\u00bbdefault\u00a0\u00bb background_image=\u00a0\u00bbhttps:\/\/www.terrasdecor.be\/wp-content\/uploads\/2025\/03\/IMG_1244.jpeg\u00a0\u00bb width=\u00a0\u00bb100%\u00a0\u00bb custom_padding=\u00a0\u00bb||266px|||\u00a0\u00bb custom_css_main_element=\u00a0\u00bbaspect-ratio: 1 \/ 1;||width:100% !important;\u00a0\u00bb global_colors_info=\u00a0\u00bb{}\u00a0\u00bb][\/et_pb_divider][\/et_pb_column][et_pb_column type=\u00a0\u00bb1_3&Prime; _builder_version=\u00a0\u00bb4.17.4&Prime; _module_preset=\u00a0\u00bbdefault\u00a0\u00bb global_colors_info=\u00a0\u00bb{}\u00a0\u00bb][et_pb_divider show_divider=\u00a0\u00bboff\u00a0\u00bb _builder_version=\u00a0\u00bb4.27.4&Prime; _module_preset=\u00a0\u00bbdefault\u00a0\u00bb background_image=\u00a0\u00bbhttps:\/\/www.terrasdecor.be\/wp-content\/uploads\/2025\/03\/IMG_1246.jpeg\u00a0\u00bb width=\u00a0\u00bb100%\u00a0\u00bb custom_padding=\u00a0\u00bb||266px|||\u00a0\u00bb custom_css_main_element=\u00a0\u00bbaspect-ratio: 1 \/ 1;||width:100% !important;\u00a0\u00bb global_colors_info=\u00a0\u00bb{}\u00a0\u00bb][\/et_pb_divider][\/et_pb_column][et_pb_column type=\u00a0\u00bb1_3&Prime; _builder_version=\u00a0\u00bb4.17.4&Prime; _module_preset=\u00a0\u00bbdefault\u00a0\u00bb global_colors_info=\u00a0\u00bb{}\u00a0\u00bb][et_pb_divider show_divider=\u00a0\u00bboff\u00a0\u00bb _builder_version=\u00a0\u00bb4.27.4&Prime; _module_preset=\u00a0\u00bbdefault\u00a0\u00bb background_image=\u00a0\u00bbhttps:\/\/www.terrasdecor.be\/wp-content\/uploads\/2025\/03\/IMG_1245.jpeg\u00a0\u00bb width=\u00a0\u00bb100%\u00a0\u00bb custom_padding=\u00a0\u00bb||266px|||\u00a0\u00bb custom_css_main_element=\u00a0\u00bbaspect-ratio: 1 \/ 1;||width:100% !important;\u00a0\u00bb global_colors_info=\u00a0\u00bb{}\u00a0\u00bb][\/et_pb_divider][\/et_pb_column][\/et_pb_row][et_pb_row column_structure=\u00a0\u00bb1_2,1_2&Prime; make_equal=\u00a0\u00bbon\u00a0\u00bb custom_padding_last_edited=\u00a0\u00bbon|phone\u00a0\u00bb _builder_version=\u00a0\u00bb4.27.4&Prime; _module_preset=\u00a0\u00bbdefault\u00a0\u00bb width=\u00a0\u00bb70%\u00a0\u00bb width_tablet=\u00a0\u00bb70%\u00a0\u00bb width_phone=\u00a0\u00bb80%\u00a0\u00bb width_last_edited=\u00a0\u00bbon|phone\u00a0\u00bb max_width=\u00a0\u00bb2560px\u00a0\u00bb custom_padding=\u00a0\u00bb13px||0px||false|false\u00a0\u00bb custom_padding_tablet=\u00a0\u00bb||0px||false|false\u00a0\u00bb custom_padding_phone=\u00a0\u00bb20px||||false|false\u00a0\u00bb global_colors_info=\u00a0\u00bb{}\u00a0\u00bb][et_pb_column type=\u00a0\u00bb1_2&Prime; _builder_version=\u00a0\u00bb4.17.4&Prime; _module_preset=\u00a0\u00bbdefault\u00a0\u00bb global_colors_info=\u00a0\u00bb{}\u00a0\u00bb][dipl_image_card_carousel cards_per_slide=\u00a0\u00bb1&Prime; cards_per_slide_tablet=\u00a0\u00bb1&Prime; cards_per_slide_phone=\u00a0\u00bb1&Prime; _builder_version=\u00a0\u00bb4.27.4&Prime; _module_preset=\u00a0\u00bbdefault\u00a0\u00bb global_colors_info=\u00a0\u00bb{}\u00a0\u00bb sticky_enabled=\u00a0\u00bb0&Prime; show_arrow=\u00a0\u00bbon\u00a0\u00bb arrow_color=\u00a0\u00bb#FFFFFF\u00a0\u00bb arrow_font_size=\u00a0\u00bb35px\u00a0\u00bb][dipl_image_card_carousel_item image=\u00a0\u00bbhttps:\/\/www.terrasdecor.be\/wp-content\/uploads\/2025\/03\/IMG_3788.jpeg\u00a0\u00bb _builder_version=\u00a0\u00bb4.27.4&Prime; _module_preset=\u00a0\u00bbdefault\u00a0\u00bb hover_enabled=\u00a0\u00bb0&Prime; custom_css_free_form=\u00a0\u00bb.dipl_image_card_content_wrapper{||display:none;||}\u00a0\u00bb global_colors_info=\u00a0\u00bb{}\u00a0\u00bb sticky_enabled=\u00a0\u00bb0&Prime;][\/dipl_image_card_carousel_item][dipl_image_card_carousel_item image=\u00a0\u00bbhttps:\/\/www.terrasdecor.be\/wp-content\/uploads\/2025\/03\/IMG_3789.jpeg\u00a0\u00bb _builder_version=\u00a0\u00bb4.27.4&Prime; _module_preset=\u00a0\u00bbdefault\u00a0\u00bb global_colors_info=\u00a0\u00bb{}\u00a0\u00bb][\/dipl_image_card_carousel_item][dipl_image_card_carousel_item image=\u00a0\u00bbhttps:\/\/www.terrasdecor.be\/wp-content\/uploads\/2025\/03\/IMG_3793.jpeg\u00a0\u00bb _builder_version=\u00a0\u00bb4.27.4&Prime; _module_preset=\u00a0\u00bbdefault\u00a0\u00bb global_colors_info=\u00a0\u00bb{}\u00a0\u00bb][\/dipl_image_card_carousel_item][\/dipl_image_card_carousel][\/et_pb_column][et_pb_column type=\u00a0\u00bb1_2&Prime; _builder_version=\u00a0\u00bb4.17.4&Prime; _module_preset=\u00a0\u00bbdefault\u00a0\u00bb background_enable_image=\u00a0\u00bboff\u00a0\u00bb global_colors_info=\u00a0\u00bb{}\u00a0\u00bb][et_pb_text _builder_version=\u00a0\u00bb4.25.1&Prime; _module_preset=\u00a0\u00bbdefault\u00a0\u00bb text_letter_spacing=\u00a0\u00bb0.36px\u00a0\u00bb text_line_height=\u00a0\u00bb22px\u00a0\u00bb header_4_font=\u00a0\u00bb|800|||||||\u00a0\u00bb header_4_text_align=\u00a0\u00bbleft\u00a0\u00bb header_4_text_color=\u00a0\u00bb#276958&Prime; header_4_font_size=\u00a0\u00bb24px\u00a0\u00bb header_4_letter_spacing=\u00a0\u00bb0.48px\u00a0\u00bb header_4_line_height=\u00a0\u00bb1.5em\u00a0\u00bb custom_margin=\u00a0\u00bb||0px||false|false\u00a0\u00bb custom_padding=\u00a0\u00bb10px||15px||false|false\u00a0\u00bb header_4_font_size_tablet=\u00a0\u00bb24px\u00a0\u00bb header_4_font_size_phone=\u00a0\u00bb20px\u00a0\u00bb header_4_font_size_last_edited=\u00a0\u00bbon|phone\u00a0\u00bb header_4_line_height_tablet=\u00a0\u00bb1.5em\u00a0\u00bb header_4_line_height_phone=\u00a0\u00bb1.4em\u00a0\u00bb header_4_line_height_last_edited=\u00a0\u00bbon|phone\u00a0\u00bb global_colors_info=\u00a0\u00bb{}\u00a0\u00bb]<\/p>\n<h4>Un int\u00e9rieur \u00e0 appr\u00e9cier<\/h4>\n<p>[\/et_pb_text][et_pb_text _builder_version=\u00a0\u00bb4.25.1&Prime; _module_preset=\u00a0\u00bbdefault\u00a0\u00bb text_letter_spacing=\u00a0\u00bb0.36px\u00a0\u00bb text_line_height=\u00a0\u00bb26px\u00a0\u00bb link_font=\u00a0\u00bb|800|||||||\u00a0\u00bb link_text_color=\u00a0\u00bb#276958&Prime; ul_line_height=\u00a0\u00bb1.7em\u00a0\u00bb header_4_text_color=\u00a0\u00bb#276958&Prime; header_4_font_size=\u00a0\u00bb24px\u00a0\u00bb header_4_letter_spacing=\u00a0\u00bb0.48px\u00a0\u00bb header_4_line_height=\u00a0\u00bb1.2em\u00a0\u00bb custom_margin=\u00a0\u00bb||14px||false|false\u00a0\u00bb custom_padding=\u00a0\u00bb||30px||false|false\u00a0\u00bb global_colors_info=\u00a0\u00bb{}\u00a0\u00bb]<\/p>\n<p>\u00c0 l&rsquo;int\u00e9rieur, nous avons opt\u00e9 pour une r\u00e9novation ax\u00e9e sur le confort, le style et la fonctionnalit\u00e9. Nous avons am\u00e9nag\u00e9 des espaces confortables o\u00f9 vous pouvez trouver l&rsquo;inspiration et recevoir des conseils personnalis\u00e9s en toute tranquillit\u00e9. Les tons chauds et les \u00e9l\u00e9ments d\u00e9coratifs cr\u00e9ent une atmosph\u00e8re chaleureuse et conviviale. Notre bar r\u00e9nov\u00e9 y contribue et souligne notre hospitalit\u00e9. Que vous veniez pour un entretien exploratoire ou pour une courte pause pendant votre visite, nous voulons que vous vous sentiez bienvenus et \u00e0 l&rsquo;aise.    <\/p>\n<p>[\/et_pb_text][et_pb_text _builder_version=\u00a0\u00bb4.25.1&Prime; _module_preset=\u00a0\u00bbdefault\u00a0\u00bb text_letter_spacing=\u00a0\u00bb0.36px\u00a0\u00bb text_line_height=\u00a0\u00bb22px\u00a0\u00bb header_4_font=\u00a0\u00bb|800|||||||\u00a0\u00bb header_4_text_align=\u00a0\u00bbleft\u00a0\u00bb header_4_text_color=\u00a0\u00bb#276958&Prime; header_4_font_size=\u00a0\u00bb24px\u00a0\u00bb header_4_letter_spacing=\u00a0\u00bb0.48px\u00a0\u00bb header_4_line_height=\u00a0\u00bb1.5em\u00a0\u00bb custom_margin=\u00a0\u00bb||0px||false|false\u00a0\u00bb custom_padding=\u00a0\u00bb10px||15px||false|false\u00a0\u00bb header_4_font_size_tablet=\u00a0\u00bb24px\u00a0\u00bb header_4_font_size_phone=\u00a0\u00bb20px\u00a0\u00bb header_4_font_size_last_edited=\u00a0\u00bbon|phone\u00a0\u00bb header_4_line_height_tablet=\u00a0\u00bb1.5em\u00a0\u00bb header_4_line_height_phone=\u00a0\u00bb1.4em\u00a0\u00bb header_4_line_height_last_edited=\u00a0\u00bbon|phone\u00a0\u00bb global_colors_info=\u00a0\u00bb{}\u00a0\u00bb]<\/p>\n<h4>Pr\u00eat \u00e0 vous recevoir<\/h4>\n<p>[\/et_pb_text][et_pb_text _builder_version=\u00a0\u00bb4.25.1&Prime; _module_preset=\u00a0\u00bbdefault\u00a0\u00bb text_letter_spacing=\u00a0\u00bb0.36px\u00a0\u00bb text_line_height=\u00a0\u00bb26px\u00a0\u00bb link_font=\u00a0\u00bb|800|||||||\u00a0\u00bb link_text_color=\u00a0\u00bb#276958&Prime; ul_line_height=\u00a0\u00bb1.7em\u00a0\u00bb header_4_text_color=\u00a0\u00bb#276958&Prime; header_4_font_size=\u00a0\u00bb24px\u00a0\u00bb header_4_letter_spacing=\u00a0\u00bb0.48px\u00a0\u00bb header_4_line_height=\u00a0\u00bb1.2em\u00a0\u00bb custom_margin=\u00a0\u00bb||14px||false|false\u00a0\u00bb custom_padding=\u00a0\u00bb||30px||false|false\u00a0\u00bb global_colors_info=\u00a0\u00bb{}\u00a0\u00bb]<\/p>\n<p><span>Avec cet espace d&rsquo;accueil r\u00e9nov\u00e9, nous voulons vous offrir un lieu o\u00f9 l&rsquo;inspiration et les conseils personnalis\u00e9s sont essentiels. Venez visiter notre salle d&rsquo;exposition et faites-en l&rsquo;exp\u00e9rience. Nous nous r\u00e9jouissons de vous accueillir dans notre nouvel espace de r\u00e9ception !  <\/span><\/p>\n<p>[\/et_pb_text][\/et_pb_column][\/et_pb_row][\/et_pb_section][et_pb_section fb_built=\u00a0\u00bb1&Prime; _builder_version=\u00a0\u00bb4.17.4&Prime; _module_preset=\u00a0\u00bbdefault\u00a0\u00bb custom_padding=\u00a0\u00bb||0px|||\u00a0\u00bb da_disable_devices=\u00a0\u00bboff|off|off\u00a0\u00bb locked=\u00a0\u00bboff\u00a0\u00bb global_colors_info=\u00a0\u00bb{}\u00a0\u00bb da_is_popup=\u00a0\u00bboff\u00a0\u00bb da_exit_intent=\u00a0\u00bboff\u00a0\u00bb da_has_close=\u00a0\u00bbon\u00a0\u00bb da_alt_close=\u00a0\u00bboff\u00a0\u00bb da_dark_close=\u00a0\u00bboff\u00a0\u00bb da_not_modal=\u00a0\u00bbon\u00a0\u00bb da_is_singular=\u00a0\u00bboff\u00a0\u00bb da_with_loader=\u00a0\u00bboff\u00a0\u00bb da_has_shadow=\u00a0\u00bbon\u00a0\u00bb][et_pb_row column_structure=\u00a0\u00bb1_2,1_2&Prime; use_custom_gutter=\u00a0\u00bbon\u00a0\u00bb gutter_width=\u00a0\u00bb1&Prime; make_equal=\u00a0\u00bbon\u00a0\u00bb custom_padding_last_edited=\u00a0\u00bbon|phone\u00a0\u00bb _builder_version=\u00a0\u00bb4.17.4&Prime; _module_preset=\u00a0\u00bbdefault\u00a0\u00bb width=\u00a0\u00bb70%\u00a0\u00bb width_tablet=\u00a0\u00bb70%\u00a0\u00bb width_phone=\u00a0\u00bb80%\u00a0\u00bb width_last_edited=\u00a0\u00bbon|phone\u00a0\u00bb max_width=\u00a0\u00bb939px\u00a0\u00bb custom_padding=\u00a0\u00bb0px||0px||false|false\u00a0\u00bb custom_padding_tablet=\u00a0\u00bb0px||50px||false|false\u00a0\u00bb custom_padding_phone=\u00a0\u00bb0px||20px||false|false\u00a0\u00bb saved_tabs=\u00a0\u00bball\u00a0\u00bb locked=\u00a0\u00bboff\u00a0\u00bb global_colors_info=\u00a0\u00bb{}\u00a0\u00bb][et_pb_column type=\u00a0\u00bb1_2&Prime; _builder_version=\u00a0\u00bb4.17.4&Prime; _module_preset=\u00a0\u00bbdefault\u00a0\u00bb global_colors_info=\u00a0\u00bb{}\u00a0\u00bb][et_pb_blurb title=\u00a0\u00bbPlus de 45 ans d&#039;exp\u00e9rience\u00a0\u00bb image=\u00a0\u00bbhttps:\/\/www.terrasdecor.be\/wp-content\/uploads\/2022\/12\/Ervaring.png\u00a0\u00bb icon_placement=\u00a0\u00bbleft\u00a0\u00bb image_icon_width=\u00a0\u00bb29px\u00a0\u00bb image_icon_width_tablet=\u00a0\u00bb25px\u00a0\u00bb image_icon_width_phone=\u00a0\u00bb20px\u00a0\u00bb image_icon_width_last_edited=\u00a0\u00bbon|phone\u00a0\u00bb _builder_version=\u00a0\u00bb4.17.4&Prime; _module_preset=\u00a0\u00bbdefault\u00a0\u00bb header_text_color=\u00a0\u00bb#276958&Prime; header_font_size=\u00a0\u00bb24px\u00a0\u00bb header_letter_spacing=\u00a0\u00bb0.48px\u00a0\u00bb header_line_height=\u00a0\u00bb1.3em\u00a0\u00bb background_color=\u00a0\u00bbRGBA(255,255,255,0)\u00a0\u00bb custom_margin=\u00a0\u00bb||0px||false|false\u00a0\u00bb custom_padding=\u00a0\u00bb29px||27px|46px|false|false\u00a0\u00bb custom_padding_tablet=\u00a0\u00bb5px||5px|46px|true|false\u00a0\u00bb custom_padding_phone=\u00a0\u00bb20px||20px|20px|true|false\u00a0\u00bb custom_padding_last_edited=\u00a0\u00bbon|phone\u00a0\u00bb header_font_size_tablet=\u00a0\u00bb24px\u00a0\u00bb header_font_size_phone=\u00a0\u00bb20px\u00a0\u00bb header_font_size_last_edited=\u00a0\u00bbon|phone\u00a0\u00bb header_line_height_tablet=\u00a0\u00bb1em\u00a0\u00bb header_line_height_phone=\u00a0\u00bb1.1em\u00a0\u00bb header_line_height_last_edited=\u00a0\u00bbon|phone\u00a0\u00bb global_colors_info=\u00a0\u00bb{}\u00a0\u00bb][\/et_pb_blurb][et_pb_blurb title=\u00a0\u00bbDe A \u00e0 Z par des experts internes\u00a0\u00bb image=\u00a0\u00bbhttps:\/\/www.terrasdecor.be\/wp-content\/uploads\/2022\/12\/Atelier.png\u00a0\u00bb icon_placement=\u00a0\u00bbleft\u00a0\u00bb image_icon_width=\u00a0\u00bb29px\u00a0\u00bb image_icon_width_tablet=\u00a0\u00bb25px\u00a0\u00bb image_icon_width_phone=\u00a0\u00bb20px\u00a0\u00bb image_icon_width_last_edited=\u00a0\u00bbon|phone\u00a0\u00bb _builder_version=\u00a0\u00bb4.17.4&Prime; _module_preset=\u00a0\u00bbdefault\u00a0\u00bb header_text_color=\u00a0\u00bb#276958&Prime; header_font_size=\u00a0\u00bb24px\u00a0\u00bb header_letter_spacing=\u00a0\u00bb0.48px\u00a0\u00bb header_line_height=\u00a0\u00bb1.3em\u00a0\u00bb background_color=\u00a0\u00bbRGBA(255,255,255,0)\u00a0\u00bb custom_margin=\u00a0\u00bb||0px||false|false\u00a0\u00bb custom_padding=\u00a0\u00bb29px||27px|46px|false|false\u00a0\u00bb custom_padding_tablet=\u00a0\u00bb20px||20px|46px|true|false\u00a0\u00bb custom_padding_phone=\u00a0\u00bb20px||20px|20px|true|false\u00a0\u00bb custom_padding_last_edited=\u00a0\u00bbon|phone\u00a0\u00bb header_font_size_tablet=\u00a0\u00bb24px\u00a0\u00bb header_font_size_phone=\u00a0\u00bb20px\u00a0\u00bb header_font_size_last_edited=\u00a0\u00bbon|phone\u00a0\u00bb header_line_height_tablet=\u00a0\u00bb1em\u00a0\u00bb header_line_height_phone=\u00a0\u00bb1.1em\u00a0\u00bb header_line_height_last_edited=\u00a0\u00bbon|phone\u00a0\u00bb global_colors_info=\u00a0\u00bb{}\u00a0\u00bb][\/et_pb_blurb][\/et_pb_column][et_pb_column type=\u00a0\u00bb1_2&Prime; _builder_version=\u00a0\u00bb4.17.4&Prime; _module_preset=\u00a0\u00bbdefault\u00a0\u00bb global_colors_info=\u00a0\u00bb{}\u00a0\u00bb][et_pb_blurb title=\u00a0\u00bbSalle d&#039;exposition spacieuse\u00a0\u00bb image=\u00a0\u00bbhttps:\/\/www.terrasdecor.be\/wp-content\/uploads\/2022\/12\/Showroom.png\u00a0\u00bb icon_placement=\u00a0\u00bbleft\u00a0\u00bb image_icon_width=\u00a0\u00bb29px\u00a0\u00bb image_icon_width_tablet=\u00a0\u00bb25px\u00a0\u00bb image_icon_width_phone=\u00a0\u00bb20px\u00a0\u00bb image_icon_width_last_edited=\u00a0\u00bbon|phone\u00a0\u00bb _builder_version=\u00a0\u00bb4.17.4&Prime; _module_preset=\u00a0\u00bbdefault\u00a0\u00bb header_text_color=\u00a0\u00bb#276958&Prime; header_font_size=\u00a0\u00bb24px\u00a0\u00bb header_letter_spacing=\u00a0\u00bb0.48px\u00a0\u00bb header_line_height=\u00a0\u00bb1.3em\u00a0\u00bb background_color=\u00a0\u00bbRGBA(255,255,255,0)\u00a0\u00bb custom_margin=\u00a0\u00bb||0px||false|false\u00a0\u00bb custom_padding=\u00a0\u00bb29px||27px|46px|false|false\u00a0\u00bb custom_padding_tablet=\u00a0\u00bb10px||20px|46px|false|false\u00a0\u00bb custom_padding_phone=\u00a0\u00bb20px||20px|20px|true|false\u00a0\u00bb custom_padding_last_edited=\u00a0\u00bbon|phone\u00a0\u00bb header_font_size_tablet=\u00a0\u00bb24px\u00a0\u00bb header_font_size_phone=\u00a0\u00bb20px\u00a0\u00bb header_font_size_last_edited=\u00a0\u00bbon|phone\u00a0\u00bb header_line_height_tablet=\u00a0\u00bb1em\u00a0\u00bb header_line_height_phone=\u00a0\u00bb1.1em\u00a0\u00bb header_line_height_last_edited=\u00a0\u00bbon|phone\u00a0\u00bb global_colors_info=\u00a0\u00bb{}\u00a0\u00bb][\/et_pb_blurb][et_pb_blurb title=\u00a0\u00bbEntreprise familiale\u00a0\u00bb image=\u00a0\u00bbhttps:\/\/www.terrasdecor.be\/wp-content\/uploads\/2022\/12\/Familiebedrijf.png\u00a0\u00bb icon_placement=\u00a0\u00bbleft\u00a0\u00bb image_icon_width=\u00a0\u00bb25px\u00a0\u00bb image_icon_width_tablet=\u00a0\u00bb25px\u00a0\u00bb image_icon_width_phone=\u00a0\u00bb20px\u00a0\u00bb image_icon_width_last_edited=\u00a0\u00bbon|phone\u00a0\u00bb _builder_version=\u00a0\u00bb4.17.4&Prime; _module_preset=\u00a0\u00bbdefault\u00a0\u00bb header_text_color=\u00a0\u00bb#276958&Prime; header_font_size=\u00a0\u00bb24px\u00a0\u00bb header_letter_spacing=\u00a0\u00bb0.48px\u00a0\u00bb header_line_height=\u00a0\u00bb1.6em\u00a0\u00bb background_color=\u00a0\u00bbRGBA(255,255,255,0)\u00a0\u00bb custom_margin=\u00a0\u00bb||0px||false|false\u00a0\u00bb custom_padding=\u00a0\u00bb29px||27px|46px|false|false\u00a0\u00bb custom_padding_tablet=\u00a0\u00bb5px||0px|46px|false|false\u00a0\u00bb custom_padding_phone=\u00a0\u00bb20px||20px|20px|true|false\u00a0\u00bb custom_padding_last_edited=\u00a0\u00bbon|phone\u00a0\u00bb header_font_size_tablet=\u00a0\u00bb24px\u00a0\u00bb header_font_size_phone=\u00a0\u00bb20px\u00a0\u00bb header_font_size_last_edited=\u00a0\u00bbon|phone\u00a0\u00bb global_colors_info=\u00a0\u00bb{}\u00a0\u00bb][\/et_pb_blurb][\/et_pb_column][\/et_pb_row][\/et_pb_section][et_pb_section fb_built=\u00a0\u00bb1&Prime; _builder_version=\u00a0\u00bb4.17.4&Prime; custom_padding=\u00a0\u00bb50px||100px||false|false\u00a0\u00bb da_disable_devices=\u00a0\u00bboff|off|off\u00a0\u00bb locked=\u00a0\u00bboff\u00a0\u00bb global_colors_info=\u00a0\u00bb{}\u00a0\u00bb da_is_popup=\u00a0\u00bboff\u00a0\u00bb da_exit_intent=\u00a0\u00bboff\u00a0\u00bb da_has_close=\u00a0\u00bbon\u00a0\u00bb da_alt_close=\u00a0\u00bboff\u00a0\u00bb da_dark_close=\u00a0\u00bboff\u00a0\u00bb da_not_modal=\u00a0\u00bbon\u00a0\u00bb da_is_singular=\u00a0\u00bboff\u00a0\u00bb da_with_loader=\u00a0\u00bboff\u00a0\u00bb da_has_shadow=\u00a0\u00bbon\u00a0\u00bb][et_pb_row column_structure=\u00a0\u00bb1_2,1_2&Prime; use_custom_gutter=\u00a0\u00bbon\u00a0\u00bb make_equal=\u00a0\u00bbon\u00a0\u00bb _builder_version=\u00a0\u00bb4.17.4&Prime; _module_preset=\u00a0\u00bbdefault\u00a0\u00bb width=\u00a0\u00bb70%\u00a0\u00bb width_tablet=\u00a0\u00bb70%\u00a0\u00bb width_phone=\u00a0\u00bb80%\u00a0\u00bb width_last_edited=\u00a0\u00bbon|phone\u00a0\u00bb max_width=\u00a0\u00bb2560px\u00a0\u00bb custom_padding=\u00a0\u00bb0px||0px||true|false\u00a0\u00bb saved_tabs=\u00a0\u00bball\u00a0\u00bb global_colors_info=\u00a0\u00bb{}\u00a0\u00bb][et_pb_column type=\u00a0\u00bb1_2&Prime; _builder_version=\u00a0\u00bb4.17.4&Prime; _module_preset=\u00a0\u00bbdefault\u00a0\u00bb use_background_color_gradient=\u00a0\u00bbon\u00a0\u00bb background_color_gradient_stops=\u00a0\u00bbrgba(98,98,98,0.2) 0%|rgba(98,98,98,0.21) 100%\u00a0\u00bb background_color_gradient_overlays_image=\u00a0\u00bbon\u00a0\u00bb background_image=\u00a0\u00bbhttps:\/\/www.terrasdecor.be\/wp-content\/uploads\/2022\/07\/Terras-Decor-Showroom-Zulte.jpg\u00a0\u00bb global_colors_info=\u00a0\u00bb{}\u00a0\u00bb][et_pb_cta title=\u00a0\u00bbVISITEZ NOTRE SALLE D&apos;EXPOSITION\u00a0\u00bb button_url=\u00a0\u00bbhttps:\/\/www.terrasdecor.be\/fr\/salle-dexposition\/\u00a0\u00bb button_text=\u00a0\u00bbSALLE D&#039;EXPOSITION\u00a0\u00bb _builder_version=\u00a0\u00bb4.17.4&Prime; _module_preset=\u00a0\u00bbdefault\u00a0\u00bb header_font=\u00a0\u00bb|700|||||||\u00a0\u00bb header_font_size=\u00a0\u00bb35px\u00a0\u00bb header_letter_spacing=\u00a0\u00bb1.75px\u00a0\u00bb header_line_height=\u00a0\u00bb1.3em\u00a0\u00bb background_enable_color=\u00a0\u00bboff\u00a0\u00bb background_enable_image=\u00a0\u00bboff\u00a0\u00bb custom_button=\u00a0\u00bbon\u00a0\u00bb button_bg_color=\u00a0\u00bb#bec200&Prime; button_letter_spacing=\u00a0\u00bb0.4px\u00a0\u00bb custom_padding=\u00a0\u00bb137px||96px||false|false\u00a0\u00bb custom_padding_tablet=\u00a0\u00bb137px||96px||false|false\u00a0\u00bb custom_padding_phone=\u00a0\u00bb80px||80px||false|false\u00a0\u00bb custom_padding_last_edited=\u00a0\u00bbon|phone\u00a0\u00bb header_font_size_tablet=\u00a0\u00bb35px\u00a0\u00bb header_font_size_phone=\u00a0\u00bb25px\u00a0\u00bb header_font_size_last_edited=\u00a0\u00bbon|phone\u00a0\u00bb header_line_height_tablet=\u00a0\u00bb\u00a0\u00bb header_line_height_phone=\u00a0\u00bb1.3em\u00a0\u00bb header_line_height_last_edited=\u00a0\u00bbon|phone\u00a0\u00bb global_colors_info=\u00a0\u00bb{}\u00a0\u00bb button_letter_spacing__hover_enabled=\u00a0\u00bboff|hover\u00a0\u00bb button_letter_spacing__hover=\u00a0\u00bb1.4px\u00a0\u00bb button_bg_color__hover_enabled=\u00a0\u00bbon|hover\u00a0\u00bb button_bg_color__hover=\u00a0\u00bb#276958&Prime; button_bg_enable_color__hover=\u00a0\u00bbon\u00a0\u00bb][\/et_pb_cta][\/et_pb_column][et_pb_column type=\u00a0\u00bb1_2&Prime; _builder_version=\u00a0\u00bb4.17.4&Prime; _module_preset=\u00a0\u00bbdefault\u00a0\u00bb global_colors_info=\u00a0\u00bb{}\u00a0\u00bb][et_pb_cta title=\u00a0\u00bbVOUS VOULEZ UN HABITAT CONTEMPORAIN ?\u00a0\u00bb button_url=\u00a0\u00bbhttps:\/\/www.terrasdecor.be\/fr\/citation\/\u00a0\u00bb button_text=\u00a0\u00bbDEMANDER UN DEVIS\u00a0\u00bb _builder_version=\u00a0\u00bb4.17.4&Prime; _module_preset=\u00a0\u00bbdefault\u00a0\u00bb header_font=\u00a0\u00bb|700|||||||\u00a0\u00bb header_font_size=\u00a0\u00bb35px\u00a0\u00bb header_letter_spacing=\u00a0\u00bb1.75px\u00a0\u00bb header_line_height=\u00a0\u00bb1.3em\u00a0\u00bb background_enable_color=\u00a0\u00bboff\u00a0\u00bb use_background_color_gradient=\u00a0\u00bbon\u00a0\u00bb background_color_gradient_stops=\u00a0\u00bbrgba(98,98,98,0.5) 0%|rgba(98,98,98,0.2) 100%\u00a0\u00bb background_color_gradient_overlays_image=\u00a0\u00bbon\u00a0\u00bb background_image=\u00a0\u00bbhttps:\/\/www.terrasdecor.be\/wp-content\/uploads\/2023\/01\/image00019.jpg\u00a0\u00bb custom_button=\u00a0\u00bbon\u00a0\u00bb button_bg_color=\u00a0\u00bb#bec200&Prime; button_letter_spacing=\u00a0\u00bb0.4px\u00a0\u00bb custom_padding=\u00a0\u00bb137px||96px||false|false\u00a0\u00bb custom_padding_tablet=\u00a0\u00bb137px||96px||false|false\u00a0\u00bb custom_padding_phone=\u00a0\u00bb80px||80px||false|false\u00a0\u00bb custom_padding_last_edited=\u00a0\u00bbon|phone\u00a0\u00bb header_font_size_tablet=\u00a0\u00bb35px\u00a0\u00bb header_font_size_phone=\u00a0\u00bb25px\u00a0\u00bb header_font_size_last_edited=\u00a0\u00bbon|phone\u00a0\u00bb header_line_height_tablet=\u00a0\u00bb\u00a0\u00bb header_line_height_phone=\u00a0\u00bb1.3em\u00a0\u00bb header_line_height_last_edited=\u00a0\u00bbon|phone\u00a0\u00bb global_colors_info=\u00a0\u00bb{}\u00a0\u00bb button_letter_spacing__hover_enabled=\u00a0\u00bboff|hover\u00a0\u00bb button_letter_spacing__hover=\u00a0\u00bb1.4px\u00a0\u00bb button_bg_color__hover_enabled=\u00a0\u00bbon|hover\u00a0\u00bb button_bg_color__hover=\u00a0\u00bb#276958&Prime; button_bg_enable_color__hover=\u00a0\u00bbon\u00a0\u00bb][\/et_pb_cta][\/et_pb_column][\/et_pb_row][\/et_pb_section]<\/p>\n","protected":false},"excerpt":{"rendered":"<p>Chez verandas Terrasdecor, nous accordons une grande importance \u00e0 la qualit\u00e9 et \u00e0 l&rsquo;exp\u00e9rience du client. C&rsquo;est pourquoi nous avons enti\u00e8rement r\u00e9am\u00e9nag\u00e9 notre espace d&rsquo;accueil pour mieux vous recevoir dans un environnement chaleureux.<\/p>\n","protected":false},"author":13,"featured_media":25547511,"comment_status":"closed","ping_status":"closed","sticky":false,"template":"","format":"standard","meta":{"_seopress_robots_primary_cat":"none","_seopress_titles_title":"Bienvenue dans notre espace d'accueil r\u00e9nov\u00e9","_seopress_titles_desc":"Chez verandas Terrasdecor, nous accordons une grande importance \u00e0 la qualit\u00e9 et \u00e0 l'exp\u00e9rience du client. C'est pourquoi nous avons enti\u00e8rement r\u00e9am\u00e9nag\u00e9 notre espace d'accueil pour mieux vous recevoir dans un environnement chaleureux.","_seopress_robots_index":"","_et_pb_use_builder":"on","_et_pb_old_content":"","_et_gb_content_width":"","footnotes":""},"categories":[39],"tags":[],"dipi_cpt_category":[],"class_list":["post-25547531","post","type-post","status-publish","format-standard","has-post-thumbnail","hentry","category-decor-de-terrasse"],"_links":{"self":[{"href":"https:\/\/www.terrasdecor.be\/fr\/wp-json\/wp\/v2\/posts\/25547531","targetHints":{"allow":["GET"]}}],"collection":[{"href":"https:\/\/www.terrasdecor.be\/fr\/wp-json\/wp\/v2\/posts"}],"about":[{"href":"https:\/\/www.terrasdecor.be\/fr\/wp-json\/wp\/v2\/types\/post"}],"author":[{"embeddable":true,"href":"https:\/\/www.terrasdecor.be\/fr\/wp-json\/wp\/v2\/users\/13"}],"replies":[{"embeddable":true,"href":"https:\/\/www.terrasdecor.be\/fr\/wp-json\/wp\/v2\/comments?post=25547531"}],"version-history":[{"count":9,"href":"https:\/\/www.terrasdecor.be\/fr\/wp-json\/wp\/v2\/posts\/25547531\/revisions"}],"predecessor-version":[{"id":25547771,"href":"https:\/\/www.terrasdecor.be\/fr\/wp-json\/wp\/v2\/posts\/25547531\/revisions\/25547771"}],"wp:featuredmedia":[{"embeddable":true,"href":"https:\/\/www.terrasdecor.be\/fr\/wp-json\/wp\/v2\/media\/25547511"}],"wp:attachment":[{"href":"https:\/\/www.terrasdecor.be\/fr\/wp-json\/wp\/v2\/media?parent=25547531"}],"wp:term":[{"taxonomy":"category","embeddable":true,"href":"https:\/\/www.terrasdecor.be\/fr\/wp-json\/wp\/v2\/categories?post=25547531"},{"taxonomy":"post_tag","embeddable":true,"href":"https:\/\/www.terrasdecor.be\/fr\/wp-json\/wp\/v2\/tags?post=25547531"},{"taxonomy":"dipi_cpt_category","embeddable":true,"href":"https:\/\/www.terrasdecor.be\/fr\/wp-json\/wp\/v2\/dipi_cpt_category?post=25547531"}],"curies":[{"name":"wp","href":"https:\/\/api.w.org\/{rel}","templated":true}]}}