{"id":25546406,"date":"2024-07-08T08:42:14","date_gmt":"2024-07-08T07:42:14","guid":{"rendered":"https:\/\/www.terrasdecor.be\/comment-choisir-la-bonne-couleur-pour-lagrandissement-de-votre-maison\/"},"modified":"2024-10-08T13:13:27","modified_gmt":"2024-10-08T12:13:27","slug":"comment-choisir-la-bonne-couleur-pour-lagrandissement-de-votre-maison","status":"publish","type":"post","link":"https:\/\/www.terrasdecor.be\/fr\/comment-choisir-la-bonne-couleur-pour-lagrandissement-de-votre-maison\/","title":{"rendered":"Comment choisir la bonne couleur pour votre extension de maison ?"},"content":{"rendered":"<p>[et_pb_section fb_built=\u00a0\u00bb1&Prime; _builder_version=\u00a0\u00bb4.17.4&Prime; _module_preset=\u00a0\u00bbdefault\u00a0\u00bb background_color=\u00a0\u00bb#f0f0f0&Prime; custom_margin=\u00a0\u00bb0px||0px||true|false\u00a0\u00bb custom_padding=\u00a0\u00bb0px||0px||true|false\u00a0\u00bb global_colors_info=\u00a0\u00bb{}\u00a0\u00bb][et_pb_row _builder_version=\u00a0\u00bb4.17.4&Prime; _module_preset=\u00a0\u00bbdefault\u00a0\u00bb width=\u00a0\u00bb100%\u00a0\u00bb max_width=\u00a0\u00bb2560px\u00a0\u00bb custom_margin=\u00a0\u00bb0px||0px||false|false\u00a0\u00bb custom_padding=\u00a0\u00bb0px||0px||true|false\u00a0\u00bb global_colors_info=\u00a0\u00bb{}\u00a0\u00bb][et_pb_column type=\u00a0\u00bb4_4&Prime; _builder_version=\u00a0\u00bb4.17.4&Prime; _module_preset=\u00a0\u00bbdefault\u00a0\u00bb global_colors_info=\u00a0\u00bb{}\u00a0\u00bb][et_pb_post_title title=\u00a0\u00bb\u00e9teint\u00a0\u00bb meta=\u00a0\u00bboff\u00a0\u00bb featured_placement=\u00a0\u00bbbackground\u00a0\u00bb _builder_version=\u00a0\u00bb4.17.4&Prime; _module_preset=\u00a0\u00bbdefault\u00a0\u00bb title_font=\u00a0\u00bb|800||on|||||\u00a0\u00bb title_text_align=\u00a0\u00bbcenter\u00a0\u00bb title_text_color=\u00a0\u00bb#FFFFFF\u00a0\u00bb title_font_size=\u00a0\u00bb50px\u00a0\u00bb title_letter_spacing=\u00a0\u00bb1px\u00a0\u00bb max_height=\u00a0\u00bb350px\u00a0\u00bb custom_padding=\u00a0\u00bb67px|||||\u00a0\u00bb hover_enabled=\u00a0\u00bb0&Prime; global_colors_info=\u00a0\u00bb{}\u00a0\u00bb sticky_enabled=\u00a0\u00bb0&Prime;][\/et_pb_post_title][\/et_pb_column][\/et_pb_row][et_pb_row _builder_version=\u00a0\u00bb4.17.4&Prime; _module_preset=\u00a0\u00bbdefault\u00a0\u00bb max_width=\u00a0\u00bb1203px\u00a0\u00bb custom_margin=\u00a0\u00bb0px||||false|false\u00a0\u00bb custom_padding=\u00a0\u00bb0px||0px||false|false\u00a0\u00bb global_colors_info=\u00a0\u00bb{}\u00a0\u00bb][et_pb_column type=\u00a0\u00bb4_4&Prime; _builder_version=\u00a0\u00bb4.17.4&Prime; _module_preset=\u00a0\u00bbdefault\u00a0\u00bb global_colors_info=\u00a0\u00bb{}\u00a0\u00bb][et_pb_image src=\u00a0\u00bbhttps:\/\/www.terrasdecor.be\/wp-content\/uploads\/2024\/01\/Dat-is-hedendaags-wonen-FR.png\u00a0\u00bb title_text=\u00a0\u00bbC&#039;est la vie contemporaine\u00a0\u00bb _builder_version=\u00a0\u00bb4.17.4&Prime; _module_preset=\u00a0\u00bbdefault\u00a0\u00bb width=\u00a0\u00bb229px\u00a0\u00bb width_tablet=\u00a0\u00bb229px\u00a0\u00bb width_phone=\u00a0\u00bb40%\u00a0\u00bb width_last_edited=\u00a0\u00bbon|phone\u00a0\u00bb module_alignment=\u00a0\u00bbright\u00a0\u00bb custom_margin=\u00a0\u00bb-193px||||false|false\u00a0\u00bb custom_margin_tablet=\u00a0\u00bb-193px||||false|false\u00a0\u00bb custom_margin_phone=\u00a0\u00bb-50px||||false|false\u00a0\u00bb custom_margin_last_edited=\u00a0\u00bbon|phone\u00a0\u00bb global_colors_info=\u00a0\u00bb{}\u00a0\u00bb][\/et_pb_image][\/et_pb_column][\/et_pb_row][\/et_pb_section][et_pb_section fb_built=\u00a0\u00bb1&Prime; custom_padding_last_edited=\u00a0\u00bbon|phone\u00a0\u00bb _builder_version=\u00a0\u00bb4.17.4&Prime; _module_preset=\u00a0\u00bbdefault\u00a0\u00bb background_color=\u00a0\u00bb#f0f0f0&Prime; custom_padding=\u00a0\u00bb0px||100px||false|false\u00a0\u00bb custom_padding_tablet=\u00a0\u00bb0px||100px||false|false\u00a0\u00bb custom_padding_phone=\u00a0\u00bb0px||40px||false|false\u00a0\u00bb global_colors_info=\u00a0\u00bb{}\u00a0\u00bb][et_pb_row make_equal=\u00a0\u00bbon\u00a0\u00bb custom_padding_last_edited=\u00a0\u00bbon|phone\u00a0\u00bb _builder_version=\u00a0\u00bb4.17.4&Prime; _module_preset=\u00a0\u00bbdefault\u00a0\u00bb width=\u00a0\u00bb70%\u00a0\u00bb width_tablet=\u00a0\u00bb70%\u00a0\u00bb width_phone=\u00a0\u00bb80%\u00a0\u00bb width_last_edited=\u00a0\u00bbon|phone\u00a0\u00bb max_width=\u00a0\u00bb2560px\u00a0\u00bb custom_padding=\u00a0\u00bb80px||0px||false|false\u00a0\u00bb custom_padding_tablet=\u00a0\u00bb50px||0px||false|false\u00a0\u00bb custom_padding_phone=\u00a0\u00bb20px||||false|false\u00a0\u00bb global_colors_info=\u00a0\u00bb{}\u00a0\u00bb][et_pb_column type=\u00a0\u00bb4_4&Prime; _builder_version=\u00a0\u00bb4.17.4&Prime; _module_preset=\u00a0\u00bbdefault\u00a0\u00bb global_colors_info=\u00a0\u00bb{}\u00a0\u00bb][et_pb_post_title meta=\u00a0\u00bboff\u00a0\u00bb featured_image=\u00a0\u00bboff\u00a0\u00bb _builder_version=\u00a0\u00bb4.17.4&Prime; _module_preset=\u00a0\u00bbdefault\u00a0\u00bb title_font=\u00a0\u00bb|800||on|||||\u00a0\u00bb title_text_align=\u00a0\u00bbcenter\u00a0\u00bb title_font_size=\u00a0\u00bb37px\u00a0\u00bb title_letter_spacing=\u00a0\u00bb1px\u00a0\u00bb global_colors_info=\u00a0\u00bb{}\u00a0\u00bb][\/et_pb_post_title][et_pb_text _builder_version=\u00a0\u00bb4.25.1&Prime; _module_preset=\u00a0\u00bbdefault\u00a0\u00bb text_letter_spacing=\u00a0\u00bb0.36px\u00a0\u00bb text_line_height=\u00a0\u00bb26px\u00a0\u00bb link_text_color=\u00a0\u00bb#276958&Prime; ul_line_height=\u00a0\u00bb1.7em\u00a0\u00bb header_4_text_color=\u00a0\u00bb#276958&Prime; header_4_font_size=\u00a0\u00bb24px\u00a0\u00bb header_4_letter_spacing=\u00a0\u00bb0.48px\u00a0\u00bb header_4_line_height=\u00a0\u00bb1.2em\u00a0\u00bb text_orientation=\u00a0\u00bbcenter\u00a0\u00bb max_width=\u00a0\u00bb1000px\u00a0\u00bb module_alignment=\u00a0\u00bbcenter\u00a0\u00bb custom_margin=\u00a0\u00bb||16px||false|false\u00a0\u00bb custom_padding=\u00a0\u00bb||50px||false|false\u00a0\u00bb custom_padding_tablet=\u00a0\u00bb||30px||false|false\u00a0\u00bb custom_padding_phone=\u00a0\u00bb||15px||false|false\u00a0\u00bb custom_padding_last_edited=\u00a0\u00bbon|phone\u00a0\u00bb global_colors_info=\u00a0\u00bb{}\u00a0\u00bb]<\/p>\n<p>Choisir la bonne couleur pour votre extension de maison est une \u00e9tape cruciale pour cr\u00e9er l&rsquo;atmosph\u00e8re et l&rsquo;aspect souhait\u00e9s de votre maison. Dans cet article de blog, nous allons voir comment choisir la bonne palette de couleurs pour votre extension de maison. <\/p>\n<p>[\/et_pb_text][\/et_pb_column][\/et_pb_row][et_pb_row column_structure=\u00a0\u00bb1_2,1_2&Prime; make_equal=\u00a0\u00bbon\u00a0\u00bb custom_padding_last_edited=\u00a0\u00bbon|phone\u00a0\u00bb _builder_version=\u00a0\u00bb4.17.4&Prime; _module_preset=\u00a0\u00bbdefault\u00a0\u00bb width=\u00a0\u00bb70%\u00a0\u00bb width_tablet=\u00a0\u00bb70%\u00a0\u00bb width_phone=\u00a0\u00bb80%\u00a0\u00bb width_last_edited=\u00a0\u00bbon|phone\u00a0\u00bb max_width=\u00a0\u00bb2560px\u00a0\u00bb custom_padding=\u00a0\u00bb13px||0px||false|false\u00a0\u00bb custom_padding_tablet=\u00a0\u00bb||0px||false|false\u00a0\u00bb custom_padding_phone=\u00a0\u00bb20px||||false|false\u00a0\u00bb global_colors_info=\u00a0\u00bb{}\u00a0\u00bb][et_pb_column type=\u00a0\u00bb1_2&Prime; _builder_version=\u00a0\u00bb4.17.4&Prime; _module_preset=\u00a0\u00bbdefault\u00a0\u00bb global_colors_info=\u00a0\u00bb{}\u00a0\u00bb][et_pb_image src=\u00a0\u00bbhttps:\/\/www.terrasdecor.be\/wp-content\/uploads\/2023\/07\/\u00a9Ziedoes_Terrasdecor_Middelkerke_13.jpg\u00a0\u00bb alt=\u00a0\u00bbTerrasdecor_Middelkerke_woonveranda\u00a0\u00bb title_text=\u00a0\u00bb\u00a9Ziedoes_Terrasdecor_Middelkerke_13&Prime; _builder_version=\u00a0\u00bb4.25.1&Prime; _module_preset=\u00a0\u00bbdefault\u00a0\u00bb hover_enabled=\u00a0\u00bb0&Prime; global_colors_info=\u00a0\u00bb{}\u00a0\u00bb sticky_enabled=\u00a0\u00bb0&Prime;][\/et_pb_image][\/et_pb_column][et_pb_column type=\u00a0\u00bb1_2&Prime; _builder_version=\u00a0\u00bb4.17.4&Prime; _module_preset=\u00a0\u00bbdefault\u00a0\u00bb background_enable_image=\u00a0\u00bboff\u00a0\u00bb global_colors_info=\u00a0\u00bb{}\u00a0\u00bb][et_pb_text _builder_version=\u00a0\u00bb4.23.4&Prime; _module_preset=\u00a0\u00bbdefault\u00a0\u00bb text_letter_spacing=\u00a0\u00bb0.36px\u00a0\u00bb text_line_height=\u00a0\u00bb22px\u00a0\u00bb header_4_font=\u00a0\u00bb|800|||||||\u00a0\u00bb header_4_text_align=\u00a0\u00bbleft\u00a0\u00bb header_4_text_color=\u00a0\u00bb#276958&Prime; header_4_font_size=\u00a0\u00bb24px\u00a0\u00bb header_4_letter_spacing=\u00a0\u00bb0.48px\u00a0\u00bb header_4_line_height=\u00a0\u00bb1.5em\u00a0\u00bb custom_margin=\u00a0\u00bb||0px||false|false\u00a0\u00bb custom_padding=\u00a0\u00bb10px||15px||false|false\u00a0\u00bb header_4_font_size_tablet=\u00a0\u00bb24px\u00a0\u00bb header_4_font_size_phone=\u00a0\u00bb20px\u00a0\u00bb header_4_font_size_last_edited=\u00a0\u00bbon|phone\u00a0\u00bb header_4_line_height_tablet=\u00a0\u00bb1.5em\u00a0\u00bb header_4_line_height_phone=\u00a0\u00bb1.4em\u00a0\u00bb header_4_line_height_last_edited=\u00a0\u00bbon|phone\u00a0\u00bb global_colors_info=\u00a0\u00bb{}\u00a0\u00bb]<\/p>\n<h4>1. Tenez compte du style architectural de votre maison :<\/h4>\n<p>[\/et_pb_text][et_pb_text _builder_version=\u00a0\u00bb4.23.4&Prime; _module_preset=\u00a0\u00bbdefault\u00a0\u00bb text_letter_spacing=\u00a0\u00bb0.36px\u00a0\u00bb text_line_height=\u00a0\u00bb26px\u00a0\u00bb link_font=\u00a0\u00bb|800|||||||\u00a0\u00bb link_text_color=\u00a0\u00bb#276958&Prime; ul_line_height=\u00a0\u00bb1.7em\u00a0\u00bb header_4_text_color=\u00a0\u00bb#276958&Prime; header_4_font_size=\u00a0\u00bb24px\u00a0\u00bb header_4_letter_spacing=\u00a0\u00bb0.48px\u00a0\u00bb header_4_line_height=\u00a0\u00bb1.2em\u00a0\u00bb custom_margin=\u00a0\u00bb||14px||false|false\u00a0\u00bb custom_padding=\u00a0\u00bb||30px||false|false\u00a0\u00bb global_colors_info=\u00a0\u00bb{}\u00a0\u00bb]<\/p>\n<p>Avant de choisir la couleur de votre extension d&rsquo;habitation, il est important de tenir compte du style architectural de votre maison. Souhaitez-vous que l&rsquo;extension r\u00e9sidentielle s&rsquo;int\u00e8gre parfaitement \u00e0 la structure existante ou optez-vous pour un contraste qui attire l&rsquo;attention ? Les maisons traditionnelles se marient souvent bien avec des couleurs classiques telles que le cr\u00e8me, le beige ou les tons de terre, tandis que les maisons modernes peuvent b\u00e9n\u00e9ficier d&rsquo;accents de couleur audacieux tels que le gris, le noir ou m\u00eame des accents de couleur vive.  <\/p>\n<p>[\/et_pb_text][et_pb_text _builder_version=\u00a0\u00bb4.23.4&Prime; _module_preset=\u00a0\u00bbdefault\u00a0\u00bb text_letter_spacing=\u00a0\u00bb0.36px\u00a0\u00bb text_line_height=\u00a0\u00bb22px\u00a0\u00bb header_4_font=\u00a0\u00bb|800|||||||\u00a0\u00bb header_4_text_align=\u00a0\u00bbleft\u00a0\u00bb header_4_text_color=\u00a0\u00bb#276958&Prime; header_4_font_size=\u00a0\u00bb24px\u00a0\u00bb header_4_letter_spacing=\u00a0\u00bb0.48px\u00a0\u00bb header_4_line_height=\u00a0\u00bb1.5em\u00a0\u00bb custom_margin=\u00a0\u00bb-1px||0px||false|false\u00a0\u00bb custom_padding=\u00a0\u00bb10px||15px||false|false\u00a0\u00bb header_4_font_size_tablet=\u00a0\u00bb24px\u00a0\u00bb header_4_font_size_phone=\u00a0\u00bb20px\u00a0\u00bb header_4_font_size_last_edited=\u00a0\u00bbon|phone\u00a0\u00bb header_4_line_height_tablet=\u00a0\u00bb1.5em\u00a0\u00bb header_4_line_height_phone=\u00a0\u00bb1.4em\u00a0\u00bb header_4_line_height_last_edited=\u00a0\u00bbon|phone\u00a0\u00bb global_colors_info=\u00a0\u00bb{}\u00a0\u00bb]<\/p>\n<h4>2. Tenez compte de l&rsquo;environnement et de l&rsquo;am\u00e9nagement paysager :<\/h4>\n<p>[\/et_pb_text][et_pb_text _builder_version=\u00a0\u00bb4.23.4&Prime; _module_preset=\u00a0\u00bbdefault\u00a0\u00bb text_letter_spacing=\u00a0\u00bb0.36px\u00a0\u00bb text_line_height=\u00a0\u00bb26px\u00a0\u00bb link_font=\u00a0\u00bb|800|||||||\u00a0\u00bb link_text_color=\u00a0\u00bb#276958&Prime; ul_line_height=\u00a0\u00bb1.7em\u00a0\u00bb header_4_text_color=\u00a0\u00bb#276958&Prime; header_4_font_size=\u00a0\u00bb24px\u00a0\u00bb header_4_letter_spacing=\u00a0\u00bb0.48px\u00a0\u00bb header_4_line_height=\u00a0\u00bb1.2em\u00a0\u00bb custom_margin=\u00a0\u00bb-11px||16px||false|false\u00a0\u00bb custom_padding=\u00a0\u00bb||10px||false|false\u00a0\u00bb global_colors_info=\u00a0\u00bb{}\u00a0\u00bb]<\/p>\n<p>L&rsquo;environnement de votre maison, y compris le jardin et l&rsquo;am\u00e9nagement paysager qui l&rsquo;entourent, peut \u00e9galement influencer votre choix de couleur. Souhaitez-vous que l&rsquo;extension r\u00e9sidentielle se fonde dans son environnement naturel ou qu&rsquo;elle se d\u00e9marque ? Les couleurs naturelles comme le vert, le marron ou le beige conviennent bien \u00e0 un environnement rural, tandis que des couleurs plus vives comme le bleu peuvent apporter un contraste amusant.  <\/p>\n<p>[\/et_pb_text][\/et_pb_column][\/et_pb_row][et_pb_row column_structure=\u00a0\u00bb1_2,1_2&Prime; make_equal=\u00a0\u00bbon\u00a0\u00bb custom_padding_last_edited=\u00a0\u00bbon|phone\u00a0\u00bb _builder_version=\u00a0\u00bb4.17.4&Prime; _module_preset=\u00a0\u00bbdefault\u00a0\u00bb width=\u00a0\u00bb70%\u00a0\u00bb width_tablet=\u00a0\u00bb70%\u00a0\u00bb width_phone=\u00a0\u00bb80%\u00a0\u00bb width_last_edited=\u00a0\u00bbon|phone\u00a0\u00bb max_width=\u00a0\u00bb2560px\u00a0\u00bb custom_padding=\u00a0\u00bb13px||0px||false|false\u00a0\u00bb custom_padding_tablet=\u00a0\u00bb||0px||false|false\u00a0\u00bb custom_padding_phone=\u00a0\u00bb20px||||false|false\u00a0\u00bb global_colors_info=\u00a0\u00bb{}\u00a0\u00bb][et_pb_column type=\u00a0\u00bb1_2&Prime; _builder_version=\u00a0\u00bb4.17.4&Prime; _module_preset=\u00a0\u00bbdefault\u00a0\u00bb global_colors_info=\u00a0\u00bb{}\u00a0\u00bb][et_pb_text _builder_version=\u00a0\u00bb4.23.4&Prime; _module_preset=\u00a0\u00bbdefault\u00a0\u00bb text_letter_spacing=\u00a0\u00bb0.36px\u00a0\u00bb text_line_height=\u00a0\u00bb22px\u00a0\u00bb header_4_font=\u00a0\u00bb|800|||||||\u00a0\u00bb header_4_text_align=\u00a0\u00bbleft\u00a0\u00bb header_4_text_color=\u00a0\u00bb#276958&Prime; header_4_font_size=\u00a0\u00bb24px\u00a0\u00bb header_4_letter_spacing=\u00a0\u00bb0.48px\u00a0\u00bb header_4_line_height=\u00a0\u00bb1.5em\u00a0\u00bb custom_margin=\u00a0\u00bb||0px||false|false\u00a0\u00bb custom_padding=\u00a0\u00bb10px||15px||false|false\u00a0\u00bb header_4_font_size_tablet=\u00a0\u00bb24px\u00a0\u00bb header_4_font_size_phone=\u00a0\u00bb20px\u00a0\u00bb header_4_font_size_last_edited=\u00a0\u00bbon|phone\u00a0\u00bb header_4_line_height_tablet=\u00a0\u00bb1.5em\u00a0\u00bb header_4_line_height_phone=\u00a0\u00bb1.4em\u00a0\u00bb header_4_line_height_last_edited=\u00a0\u00bbon|phone\u00a0\u00bb global_colors_info=\u00a0\u00bb{}\u00a0\u00bb]<\/p>\n<h4>3. D\u00e9terminez l&rsquo;atmosph\u00e8re et la fonction souhait\u00e9es pour la pi\u00e8ce :<\/h4>\n<p>[\/et_pb_text][et_pb_text _builder_version=\u00a0\u00bb4.23.4&Prime; _module_preset=\u00a0\u00bbdefault\u00a0\u00bb text_letter_spacing=\u00a0\u00bb0.36px\u00a0\u00bb text_line_height=\u00a0\u00bb26px\u00a0\u00bb link_font=\u00a0\u00bb|800|||||||\u00a0\u00bb link_text_color=\u00a0\u00bb#276958&Prime; ul_line_height=\u00a0\u00bb1.7em\u00a0\u00bb header_4_text_color=\u00a0\u00bb#276958&Prime; header_4_font_size=\u00a0\u00bb24px\u00a0\u00bb header_4_letter_spacing=\u00a0\u00bb0.48px\u00a0\u00bb header_4_line_height=\u00a0\u00bb1.2em\u00a0\u00bb custom_margin=\u00a0\u00bb||16px||false|false\u00a0\u00bb custom_padding=\u00a0\u00bb||13px||false|false\u00a0\u00bb global_colors_info=\u00a0\u00bb{}\u00a0\u00bb]<\/p>\n<p>La couleur de votre extension de maison peut \u00e9galement influencer l&rsquo;atmosph\u00e8re souhait\u00e9e et la fonction de l&rsquo;espace. Souhaitez-vous cr\u00e9er une atmosph\u00e8re apaisante et relaxante, ou plut\u00f4t un espace vivant et \u00e9nergique ? Les couleurs douces et neutres telles que le blanc, le cr\u00e8me ou le bleu clair peuvent favoriser un sentiment de calme et de s\u00e9r\u00e9nit\u00e9, tandis que les couleurs vives peuvent cr\u00e9er un environnement anim\u00e9 et stimulant.  <\/p>\n<p>[\/et_pb_text][et_pb_text _builder_version=\u00a0\u00bb4.23.4&Prime; _module_preset=\u00a0\u00bbdefault\u00a0\u00bb text_letter_spacing=\u00a0\u00bb0.36px\u00a0\u00bb text_line_height=\u00a0\u00bb22px\u00a0\u00bb header_4_font=\u00a0\u00bb|800|||||||\u00a0\u00bb header_4_text_align=\u00a0\u00bbleft\u00a0\u00bb header_4_text_color=\u00a0\u00bb#276958&Prime; header_4_font_size=\u00a0\u00bb24px\u00a0\u00bb header_4_letter_spacing=\u00a0\u00bb0.48px\u00a0\u00bb header_4_line_height=\u00a0\u00bb1.5em\u00a0\u00bb min_height=\u00a0\u00bb56px\u00a0\u00bb custom_margin=\u00a0\u00bb||0px||false|false\u00a0\u00bb custom_padding=\u00a0\u00bb10px||15px||false|false\u00a0\u00bb header_4_font_size_tablet=\u00a0\u00bb24px\u00a0\u00bb header_4_font_size_phone=\u00a0\u00bb20px\u00a0\u00bb header_4_font_size_last_edited=\u00a0\u00bbon|phone\u00a0\u00bb header_4_line_height_tablet=\u00a0\u00bb1.5em\u00a0\u00bb header_4_line_height_phone=\u00a0\u00bb1.4em\u00a0\u00bb header_4_line_height_last_edited=\u00a0\u00bbon|phone\u00a0\u00bb global_colors_info=\u00a0\u00bb{}\u00a0\u00bb]<\/p>\n<h4>4. Tenez compte des besoins en mati\u00e8re d&rsquo;entretien :<\/h4>\n<p>[\/et_pb_text][et_pb_text _builder_version=\u00a0\u00bb4.23.4&Prime; _module_preset=\u00a0\u00bbdefault\u00a0\u00bb text_letter_spacing=\u00a0\u00bb0.36px\u00a0\u00bb text_line_height=\u00a0\u00bb26px\u00a0\u00bb link_font=\u00a0\u00bb|800|||||||\u00a0\u00bb link_text_color=\u00a0\u00bb#276958&Prime; ul_line_height=\u00a0\u00bb1.7em\u00a0\u00bb header_4_text_color=\u00a0\u00bb#276958&Prime; header_4_font_size=\u00a0\u00bb24px\u00a0\u00bb header_4_letter_spacing=\u00a0\u00bb0.48px\u00a0\u00bb header_4_line_height=\u00a0\u00bb1.2em\u00a0\u00bb custom_margin=\u00a0\u00bb||16px||false|false\u00a0\u00bb custom_padding=\u00a0\u00bb||30px||false|false\u00a0\u00bb global_colors_info=\u00a0\u00bb{}\u00a0\u00bb]<\/p>\n<p>Enfin, il est important de tenir compte des besoins d&rsquo;entretien de la couleur choisie. Plus le rev\u00eatement est brillant, plus il est sensible aux rayures, mais aussi moins il risque de se salir. Dans le cas d&rsquo;une peinture textur\u00e9e, c&rsquo;est exactement l&rsquo;inverse. La surface irr\u00e9guli\u00e8re offre une bonne r\u00e9sistance aux rayures, mais la salet\u00e9 peut se loger plus facilement dans les pores de la laque.   <\/p>\n<p>[\/et_pb_text][\/et_pb_column][et_pb_column type=\u00a0\u00bb1_2&Prime; _builder_version=\u00a0\u00bb4.17.4&Prime; _module_preset=\u00a0\u00bbdefault\u00a0\u00bb global_colors_info=\u00a0\u00bb{}\u00a0\u00bb][et_pb_image src=\u00a0\u00bbhttps:\/\/www.terrasdecor.be\/wp-content\/uploads\/2023\/08\/woonveranda-terrasdecpr-geluwe-9.jpg\u00a0\u00bb alt=\u00a0\u00bb\u00a9Ziedoes_Terrasdecor_Vijve025&Prime; title_text=\u00a0\u00bblivingveranda-terracedecpr-geluwe-9&Prime; _builder_version=\u00a0\u00bb4.25.1&Prime; _module_preset=\u00a0\u00bbdefault\u00a0\u00bb custom_margin=\u00a0\u00bb8px|||||\u00a0\u00bb hover_enabled=\u00a0\u00bb0&Prime; global_colors_info=\u00a0\u00bb{}\u00a0\u00bb sticky_enabled=\u00a0\u00bb0&Prime;][\/et_pb_image][\/et_pb_column][\/et_pb_row][\/et_pb_section][et_pb_section fb_built=\u00a0\u00bb1&Prime; _builder_version=\u00a0\u00bb4.17.4&Prime; _module_preset=\u00a0\u00bbdefault\u00a0\u00bb custom_padding=\u00a0\u00bb||0px|||\u00a0\u00bb locked=\u00a0\u00bboff\u00a0\u00bb global_colors_info=\u00a0\u00bb{}\u00a0\u00bb][et_pb_row column_structure=\u00a0\u00bb1_2,1_2&Prime; use_custom_gutter=\u00a0\u00bbon\u00a0\u00bb gutter_width=\u00a0\u00bb1&Prime; make_equal=\u00a0\u00bbon\u00a0\u00bb custom_padding_last_edited=\u00a0\u00bbon|phone\u00a0\u00bb _builder_version=\u00a0\u00bb4.17.4&Prime; _module_preset=\u00a0\u00bbdefault\u00a0\u00bb width=\u00a0\u00bb70%\u00a0\u00bb width_tablet=\u00a0\u00bb70%\u00a0\u00bb width_phone=\u00a0\u00bb80%\u00a0\u00bb width_last_edited=\u00a0\u00bbon|phone\u00a0\u00bb max_width=\u00a0\u00bb939px\u00a0\u00bb custom_padding=\u00a0\u00bb0px||0px||false|false\u00a0\u00bb custom_padding_tablet=\u00a0\u00bb0px||50px||false|false\u00a0\u00bb custom_padding_phone=\u00a0\u00bb0px||20px||false|false\u00a0\u00bb saved_tabs=\u00a0\u00bball\u00a0\u00bb locked=\u00a0\u00bboff\u00a0\u00bb global_colors_info=\u00a0\u00bb{}\u00a0\u00bb][et_pb_column type=\u00a0\u00bb1_2&Prime; _builder_version=\u00a0\u00bb4.17.4&Prime; _module_preset=\u00a0\u00bbdefault\u00a0\u00bb global_colors_info=\u00a0\u00bb{}\u00a0\u00bb][et_pb_blurb title=\u00a0\u00bbPlus de 45 ans d&#039;exp\u00e9rience\u00a0\u00bb image=\u00a0\u00bbhttps:\/\/www.terrasdecor.be\/wp-content\/uploads\/2022\/12\/Ervaring.png\u00a0\u00bb icon_placement=\u00a0\u00bbleft\u00a0\u00bb image_icon_width=\u00a0\u00bb29px\u00a0\u00bb image_icon_width_tablet=\u00a0\u00bb25px\u00a0\u00bb image_icon_width_phone=\u00a0\u00bb20px\u00a0\u00bb image_icon_width_last_edited=\u00a0\u00bbon|phone\u00a0\u00bb _builder_version=\u00a0\u00bb4.17.4&Prime; _module_preset=\u00a0\u00bbdefault\u00a0\u00bb header_text_color=\u00a0\u00bb#276958&Prime; header_font_size=\u00a0\u00bb24px\u00a0\u00bb header_letter_spacing=\u00a0\u00bb0.48px\u00a0\u00bb header_line_height=\u00a0\u00bb1.3em\u00a0\u00bb background_color=\u00a0\u00bbRGBA(255,255,255,0)\u00a0\u00bb custom_margin=\u00a0\u00bb||0px||false|false\u00a0\u00bb custom_padding=\u00a0\u00bb29px||27px|46px|false|false\u00a0\u00bb custom_padding_tablet=\u00a0\u00bb5px||5px|46px|true|false\u00a0\u00bb custom_padding_phone=\u00a0\u00bb20px||20px|20px|true|false\u00a0\u00bb custom_padding_last_edited=\u00a0\u00bbon|phone\u00a0\u00bb header_font_size_tablet=\u00a0\u00bb24px\u00a0\u00bb header_font_size_phone=\u00a0\u00bb20px\u00a0\u00bb header_font_size_last_edited=\u00a0\u00bbon|phone\u00a0\u00bb header_line_height_tablet=\u00a0\u00bb1em\u00a0\u00bb header_line_height_phone=\u00a0\u00bb1.1em\u00a0\u00bb header_line_height_last_edited=\u00a0\u00bbon|phone\u00a0\u00bb global_colors_info=\u00a0\u00bb{}\u00a0\u00bb][\/et_pb_blurb][et_pb_blurb title=\u00a0\u00bbDe A \u00e0 Z par des experts internes\u00a0\u00bb image=\u00a0\u00bbhttps:\/\/www.terrasdecor.be\/wp-content\/uploads\/2022\/12\/Atelier.png\u00a0\u00bb icon_placement=\u00a0\u00bbleft\u00a0\u00bb image_icon_width=\u00a0\u00bb29px\u00a0\u00bb image_icon_width_tablet=\u00a0\u00bb25px\u00a0\u00bb image_icon_width_phone=\u00a0\u00bb20px\u00a0\u00bb image_icon_width_last_edited=\u00a0\u00bbon|phone\u00a0\u00bb _builder_version=\u00a0\u00bb4.17.4&Prime; _module_preset=\u00a0\u00bbdefault\u00a0\u00bb header_text_color=\u00a0\u00bb#276958&Prime; header_font_size=\u00a0\u00bb24px\u00a0\u00bb header_letter_spacing=\u00a0\u00bb0.48px\u00a0\u00bb header_line_height=\u00a0\u00bb1.3em\u00a0\u00bb background_color=\u00a0\u00bbRGBA(255,255,255,0)\u00a0\u00bb custom_margin=\u00a0\u00bb||0px||false|false\u00a0\u00bb custom_padding=\u00a0\u00bb29px||27px|46px|false|false\u00a0\u00bb custom_padding_tablet=\u00a0\u00bb20px||20px|46px|true|false\u00a0\u00bb custom_padding_phone=\u00a0\u00bb20px||20px|20px|true|false\u00a0\u00bb custom_padding_last_edited=\u00a0\u00bbon|phone\u00a0\u00bb header_font_size_tablet=\u00a0\u00bb24px\u00a0\u00bb header_font_size_phone=\u00a0\u00bb20px\u00a0\u00bb header_font_size_last_edited=\u00a0\u00bbon|phone\u00a0\u00bb header_line_height_tablet=\u00a0\u00bb1em\u00a0\u00bb header_line_height_phone=\u00a0\u00bb1.1em\u00a0\u00bb header_line_height_last_edited=\u00a0\u00bbon|phone\u00a0\u00bb global_colors_info=\u00a0\u00bb{}\u00a0\u00bb][\/et_pb_blurb][\/et_pb_column][et_pb_column type=\u00a0\u00bb1_2&Prime; _builder_version=\u00a0\u00bb4.17.4&Prime; _module_preset=\u00a0\u00bbdefault\u00a0\u00bb global_colors_info=\u00a0\u00bb{}\u00a0\u00bb][et_pb_blurb title=\u00a0\u00bbSalle d&#039;exposition spacieuse\u00a0\u00bb image=\u00a0\u00bbhttps:\/\/www.terrasdecor.be\/wp-content\/uploads\/2022\/12\/Showroom.png\u00a0\u00bb icon_placement=\u00a0\u00bbleft\u00a0\u00bb image_icon_width=\u00a0\u00bb29px\u00a0\u00bb image_icon_width_tablet=\u00a0\u00bb25px\u00a0\u00bb image_icon_width_phone=\u00a0\u00bb20px\u00a0\u00bb image_icon_width_last_edited=\u00a0\u00bbon|phone\u00a0\u00bb _builder_version=\u00a0\u00bb4.17.4&Prime; _module_preset=\u00a0\u00bbdefault\u00a0\u00bb header_text_color=\u00a0\u00bb#276958&Prime; header_font_size=\u00a0\u00bb24px\u00a0\u00bb header_letter_spacing=\u00a0\u00bb0.48px\u00a0\u00bb header_line_height=\u00a0\u00bb1.3em\u00a0\u00bb background_color=\u00a0\u00bbRGBA(255,255,255,0)\u00a0\u00bb custom_margin=\u00a0\u00bb||0px||false|false\u00a0\u00bb custom_padding=\u00a0\u00bb29px||27px|46px|false|false\u00a0\u00bb custom_padding_tablet=\u00a0\u00bb10px||20px|46px|false|false\u00a0\u00bb custom_padding_phone=\u00a0\u00bb20px||20px|20px|true|false\u00a0\u00bb custom_padding_last_edited=\u00a0\u00bbon|phone\u00a0\u00bb header_font_size_tablet=\u00a0\u00bb24px\u00a0\u00bb header_font_size_phone=\u00a0\u00bb20px\u00a0\u00bb header_font_size_last_edited=\u00a0\u00bbon|phone\u00a0\u00bb header_line_height_tablet=\u00a0\u00bb1em\u00a0\u00bb header_line_height_phone=\u00a0\u00bb1.1em\u00a0\u00bb header_line_height_last_edited=\u00a0\u00bbon|phone\u00a0\u00bb global_colors_info=\u00a0\u00bb{}\u00a0\u00bb][\/et_pb_blurb][et_pb_blurb title=\u00a0\u00bbEntreprise familiale\u00a0\u00bb image=\u00a0\u00bbhttps:\/\/www.terrasdecor.be\/wp-content\/uploads\/2022\/12\/Familiebedrijf.png\u00a0\u00bb icon_placement=\u00a0\u00bbleft\u00a0\u00bb image_icon_width=\u00a0\u00bb25px\u00a0\u00bb image_icon_width_tablet=\u00a0\u00bb25px\u00a0\u00bb image_icon_width_phone=\u00a0\u00bb20px\u00a0\u00bb image_icon_width_last_edited=\u00a0\u00bbon|phone\u00a0\u00bb _builder_version=\u00a0\u00bb4.17.4&Prime; _module_preset=\u00a0\u00bbdefault\u00a0\u00bb header_text_color=\u00a0\u00bb#276958&Prime; header_font_size=\u00a0\u00bb24px\u00a0\u00bb header_letter_spacing=\u00a0\u00bb0.48px\u00a0\u00bb header_line_height=\u00a0\u00bb1.6em\u00a0\u00bb background_color=\u00a0\u00bbRGBA(255,255,255,0)\u00a0\u00bb custom_margin=\u00a0\u00bb||0px||false|false\u00a0\u00bb custom_padding=\u00a0\u00bb29px||27px|46px|false|false\u00a0\u00bb custom_padding_tablet=\u00a0\u00bb5px||0px|46px|false|false\u00a0\u00bb custom_padding_phone=\u00a0\u00bb20px||20px|20px|true|false\u00a0\u00bb custom_padding_last_edited=\u00a0\u00bbon|phone\u00a0\u00bb header_font_size_tablet=\u00a0\u00bb24px\u00a0\u00bb header_font_size_phone=\u00a0\u00bb20px\u00a0\u00bb header_font_size_last_edited=\u00a0\u00bbon|phone\u00a0\u00bb global_colors_info=\u00a0\u00bb{}\u00a0\u00bb][\/et_pb_blurb][\/et_pb_column][\/et_pb_row][\/et_pb_section][et_pb_section fb_built=\u00a0\u00bb1&Prime; _builder_version=\u00a0\u00bb4.17.4&Prime; custom_padding=\u00a0\u00bb50px||100px||false|false\u00a0\u00bb locked=\u00a0\u00bboff\u00a0\u00bb global_colors_info=\u00a0\u00bb{}\u00a0\u00bb][et_pb_row column_structure=\u00a0\u00bb1_2,1_2&Prime; use_custom_gutter=\u00a0\u00bbon\u00a0\u00bb make_equal=\u00a0\u00bbon\u00a0\u00bb _builder_version=\u00a0\u00bb4.17.4&Prime; _module_preset=\u00a0\u00bbdefault\u00a0\u00bb width=\u00a0\u00bb70%\u00a0\u00bb width_tablet=\u00a0\u00bb70%\u00a0\u00bb width_phone=\u00a0\u00bb80%\u00a0\u00bb width_last_edited=\u00a0\u00bbon|phone\u00a0\u00bb max_width=\u00a0\u00bb2560px\u00a0\u00bb custom_padding=\u00a0\u00bb0px||0px||true|false\u00a0\u00bb saved_tabs=\u00a0\u00bball\u00a0\u00bb global_colors_info=\u00a0\u00bb{}\u00a0\u00bb][et_pb_column type=\u00a0\u00bb1_2&Prime; _builder_version=\u00a0\u00bb4.17.4&Prime; _module_preset=\u00a0\u00bbdefault\u00a0\u00bb use_background_color_gradient=\u00a0\u00bbon\u00a0\u00bb background_color_gradient_stops=\u00a0\u00bbrgba(98,98,98,0.2) 0%|rgba(98,98,98,0.21) 100%\u00a0\u00bb background_color_gradient_overlays_image=\u00a0\u00bbon\u00a0\u00bb background_image=\u00a0\u00bbhttps:\/\/www.terrasdecor.be\/wp-content\/uploads\/2022\/07\/Terras-Decor-Showroom-Zulte.jpg\u00a0\u00bb global_colors_info=\u00a0\u00bb{}\u00a0\u00bb][et_pb_cta title=\u00a0\u00bbVISITEZ NOTRE SALLE D&#039;EXPOSITION\u00a0\u00bb button_url=\u00a0\u00bbhttps:\/\/www.terrasdecor.be\/fr\/salle-dexposition\/\u00a0\u00bb button_text=\u00a0\u00bbSALLE D&#039;EXPOSITION\u00a0\u00bb _builder_version=\u00a0\u00bb4.17.4&Prime; _module_preset=\u00a0\u00bbdefault\u00a0\u00bb header_font=\u00a0\u00bb|700|||||||\u00a0\u00bb header_font_size=\u00a0\u00bb35px\u00a0\u00bb header_letter_spacing=\u00a0\u00bb1.75px\u00a0\u00bb header_line_height=\u00a0\u00bb1.3em\u00a0\u00bb background_enable_color=\u00a0\u00bboff\u00a0\u00bb background_enable_image=\u00a0\u00bboff\u00a0\u00bb custom_button=\u00a0\u00bbon\u00a0\u00bb button_bg_color=\u00a0\u00bb#bec200&Prime; button_letter_spacing=\u00a0\u00bb0.4px\u00a0\u00bb custom_padding=\u00a0\u00bb137px||96px||false|false\u00a0\u00bb custom_padding_tablet=\u00a0\u00bb137px||96px||false|false\u00a0\u00bb custom_padding_phone=\u00a0\u00bb80px||80px||false|false\u00a0\u00bb custom_padding_last_edited=\u00a0\u00bbon|phone\u00a0\u00bb header_font_size_tablet=\u00a0\u00bb35px\u00a0\u00bb header_font_size_phone=\u00a0\u00bb25px\u00a0\u00bb header_font_size_last_edited=\u00a0\u00bbon|phone\u00a0\u00bb header_line_height_tablet=\u00a0\u00bb\u00a0\u00bb header_line_height_phone=\u00a0\u00bb1.3em\u00a0\u00bb header_line_height_last_edited=\u00a0\u00bbon|phone\u00a0\u00bb global_colors_info=\u00a0\u00bb{}\u00a0\u00bb button_letter_spacing__hover_enabled=\u00a0\u00bboff|hover\u00a0\u00bb button_letter_spacing__hover=\u00a0\u00bb1.4px\u00a0\u00bb button_bg_color__hover_enabled=\u00a0\u00bbon|hover\u00a0\u00bb button_bg_color__hover=\u00a0\u00bb#276958&Prime; button_bg_enable_color__hover=\u00a0\u00bbon\u00a0\u00bb][\/et_pb_cta][\/et_pb_column][et_pb_column type=\u00a0\u00bb1_2&Prime; _builder_version=\u00a0\u00bb4.17.4&Prime; _module_preset=\u00a0\u00bbdefault\u00a0\u00bb global_colors_info=\u00a0\u00bb{}\u00a0\u00bb][et_pb_cta title=\u00a0\u00bbVOUS VOULEZ UN HABITAT CONTEMPORAIN ?\u00a0\u00bb button_url=\u00a0\u00bbhttps:\/\/www.terrasdecor.be\/fr\/citation\/\u00a0\u00bb button_text=\u00a0\u00bbDEMANDER UN DEVIS\u00a0\u00bb _builder_version=\u00a0\u00bb4.17.4&Prime; _module_preset=\u00a0\u00bbdefault\u00a0\u00bb header_font=\u00a0\u00bb|700|||||||\u00a0\u00bb header_font_size=\u00a0\u00bb35px\u00a0\u00bb header_letter_spacing=\u00a0\u00bb1.75px\u00a0\u00bb header_line_height=\u00a0\u00bb1.3em\u00a0\u00bb background_enable_color=\u00a0\u00bboff\u00a0\u00bb use_background_color_gradient=\u00a0\u00bbon\u00a0\u00bb background_color_gradient_stops=\u00a0\u00bbrgba(98,98,98,0.5) 0%|rgba(98,98,98,0.2) 100%\u00a0\u00bb background_color_gradient_overlays_image=\u00a0\u00bbon\u00a0\u00bb background_image=\u00a0\u00bbhttps:\/\/www.terrasdecor.be\/wp-content\/uploads\/2023\/01\/image00019.jpg\u00a0\u00bb custom_button=\u00a0\u00bbon\u00a0\u00bb button_bg_color=\u00a0\u00bb#bec200&Prime; button_letter_spacing=\u00a0\u00bb0.4px\u00a0\u00bb custom_padding=\u00a0\u00bb137px||96px||false|false\u00a0\u00bb custom_padding_tablet=\u00a0\u00bb137px||96px||false|false\u00a0\u00bb custom_padding_phone=\u00a0\u00bb80px||80px||false|false\u00a0\u00bb custom_padding_last_edited=\u00a0\u00bbon|phone\u00a0\u00bb header_font_size_tablet=\u00a0\u00bb35px\u00a0\u00bb header_font_size_phone=\u00a0\u00bb25px\u00a0\u00bb header_font_size_last_edited=\u00a0\u00bbon|phone\u00a0\u00bb header_line_height_tablet=\u00a0\u00bb\u00a0\u00bb header_line_height_phone=\u00a0\u00bb1.3em\u00a0\u00bb header_line_height_last_edited=\u00a0\u00bbon|phone\u00a0\u00bb global_colors_info=\u00a0\u00bb{}\u00a0\u00bb button_letter_spacing__hover_enabled=\u00a0\u00bboff|hover\u00a0\u00bb button_letter_spacing__hover=\u00a0\u00bb1.4px\u00a0\u00bb button_bg_color__hover_enabled=\u00a0\u00bbon|hover\u00a0\u00bb button_bg_color__hover=\u00a0\u00bb#276958&Prime; button_bg_enable_color__hover=\u00a0\u00bbon\u00a0\u00bb][\/et_pb_cta][\/et_pb_column][\/et_pb_row][\/et_pb_section]<\/p>\n","protected":false},"excerpt":{"rendered":"<p>Choisir la bonne couleur pour votre extension de maison est une \u00e9tape cruciale pour cr\u00e9er l&rsquo;atmosph\u00e8re et l&rsquo;aspect souhait\u00e9s de votre maison. Dans cet article de blog, nous allons voir comment choisir la bonne palette de couleurs pour votre extension de maison. 1. Tenez compte du style architectural de votre maison :Avant de choisir la [&hellip;]<\/p>\n","protected":false},"author":13,"featured_media":336860,"comment_status":"closed","ping_status":"closed","sticky":false,"template":"","format":"standard","meta":{"_seopress_robots_primary_cat":"none","_seopress_titles_title":"","_seopress_titles_desc":"Choisir la bonne couleur pour votre extension de maison est une \u00e9tape cruciale pour cr\u00e9er l'atmosph\u00e8re et l'aspect souhait\u00e9s de votre maison. Dans cet article de blog, nous allons voir comment choisir la bonne palette de couleurs pour votre extension de maison. ","_seopress_robots_index":"","_et_pb_use_builder":"on","_et_pb_old_content":"","_et_gb_content_width":"","footnotes":""},"categories":[39],"tags":[],"dipi_cpt_category":[],"class_list":["post-25546406","post","type-post","status-publish","format-standard","has-post-thumbnail","hentry","category-decor-de-terrasse"],"_links":{"self":[{"href":"https:\/\/www.terrasdecor.be\/fr\/wp-json\/wp\/v2\/posts\/25546406","targetHints":{"allow":["GET"]}}],"collection":[{"href":"https:\/\/www.terrasdecor.be\/fr\/wp-json\/wp\/v2\/posts"}],"about":[{"href":"https:\/\/www.terrasdecor.be\/fr\/wp-json\/wp\/v2\/types\/post"}],"author":[{"embeddable":true,"href":"https:\/\/www.terrasdecor.be\/fr\/wp-json\/wp\/v2\/users\/13"}],"replies":[{"embeddable":true,"href":"https:\/\/www.terrasdecor.be\/fr\/wp-json\/wp\/v2\/comments?post=25546406"}],"version-history":[{"count":3,"href":"https:\/\/www.terrasdecor.be\/fr\/wp-json\/wp\/v2\/posts\/25546406\/revisions"}],"predecessor-version":[{"id":25546409,"href":"https:\/\/www.terrasdecor.be\/fr\/wp-json\/wp\/v2\/posts\/25546406\/revisions\/25546409"}],"wp:featuredmedia":[{"embeddable":true,"href":"https:\/\/www.terrasdecor.be\/fr\/wp-json\/wp\/v2\/media\/336860"}],"wp:attachment":[{"href":"https:\/\/www.terrasdecor.be\/fr\/wp-json\/wp\/v2\/media?parent=25546406"}],"wp:term":[{"taxonomy":"category","embeddable":true,"href":"https:\/\/www.terrasdecor.be\/fr\/wp-json\/wp\/v2\/categories?post=25546406"},{"taxonomy":"post_tag","embeddable":true,"href":"https:\/\/www.terrasdecor.be\/fr\/wp-json\/wp\/v2\/tags?post=25546406"},{"taxonomy":"dipi_cpt_category","embeddable":true,"href":"https:\/\/www.terrasdecor.be\/fr\/wp-json\/wp\/v2\/dipi_cpt_category?post=25546406"}],"curies":[{"name":"wp","href":"https:\/\/api.w.org\/{rel}","templated":true}]}}