{"id":25544738,"date":"2022-07-22T10:15:47","date_gmt":"2022-07-22T09:15:47","guid":{"rendered":"https:\/\/www.terrasdecor.be\/nouveau-concept-la-boite-de-la-terrasse\/"},"modified":"2024-01-24T15:40:31","modified_gmt":"2024-01-24T14:40:31","slug":"nouveau-concept-la-boite-de-la-terrasse","status":"publish","type":"post","link":"https:\/\/www.terrasdecor.be\/fr\/nouveau-concept-la-boite-de-la-terrasse\/","title":{"rendered":"Nouveau concept : la bo\u00eete de la terrasse"},"content":{"rendered":"\n[et_pb_section fb_built=\u00a0\u00bb1&Prime; _builder_version=\u00a0\u00bb4.17.4&Prime; _module_preset=\u00a0\u00bbdefault\u00a0\u00bb background_color=\u00a0\u00bb#f0f0f0&Prime; custom_margin=\u00a0\u00bb0px||0px||true|false\u00a0\u00bb custom_padding=\u00a0\u00bb0px||0px||true|false\u00a0\u00bb global_colors_info=\u00a0\u00bb{}\u00a0\u00bb][et_pb_row _builder_version=\u00a0\u00bb4.17.4&Prime; _module_preset=\u00a0\u00bbdefault\u00a0\u00bb width=\u00a0\u00bb100%\u00a0\u00bb max_width=\u00a0\u00bb2560px\u00a0\u00bb custom_margin=\u00a0\u00bb0px||0px||false|false\u00a0\u00bb custom_padding=\u00a0\u00bb0px||0px||true|false\u00a0\u00bb global_colors_info=\u00a0\u00bb{}\u00a0\u00bb][et_pb_column type=\u00a0\u00bb4_4&Prime; _builder_version=\u00a0\u00bb4.17.4&Prime; _module_preset=\u00a0\u00bbdefault\u00a0\u00bb global_colors_info=\u00a0\u00bb{}\u00a0\u00bb][et_pb_post_title title=\u00a0\u00bb\u00e9teint\u00a0\u00bb meta=\u00a0\u00bboff\u00a0\u00bb featured_placement=\u00a0\u00bbbackground\u00a0\u00bb _builder_version=\u00a0\u00bb4.17.4&Prime; _module_preset=\u00a0\u00bbdefault\u00a0\u00bb title_font=\u00a0\u00bb|800||on|||||\u00a0\u00bb title_text_align=\u00a0\u00bbcenter\u00a0\u00bb title_text_color=\u00a0\u00bb#FFFFFF\u00a0\u00bb title_font_size=\u00a0\u00bb50px\u00a0\u00bb title_letter_spacing=\u00a0\u00bb1px\u00a0\u00bb max_height=\u00a0\u00bb350px\u00a0\u00bb custom_padding=\u00a0\u00bb67px|||||\u00a0\u00bb global_colors_info=\u00a0\u00bb{}\u00a0\u00bb][\/et_pb_post_title][\/et_pb_column][\/et_pb_row][et_pb_row _builder_version=\u00a0\u00bb4.17.4&Prime; _module_preset=\u00a0\u00bbdefault\u00a0\u00bb max_width=\u00a0\u00bb1203px\u00a0\u00bb custom_margin=\u00a0\u00bb0px||||false|false\u00a0\u00bb custom_padding=\u00a0\u00bb0px||0px||false|false\u00a0\u00bb global_colors_info=\u00a0\u00bb{}\u00a0\u00bb][et_pb_column type=\u00a0\u00bb4_4&Prime; _builder_version=\u00a0\u00bb4.17.4&Prime; _module_preset=\u00a0\u00bbdefault\u00a0\u00bb global_colors_info=\u00a0\u00bb{}\u00a0\u00bb][et_pb_image src=\u00a0\u00bbhttps:\/\/www.terrasdecor.be\/wp-content\/uploads\/2022\/07\/Dat-is-hedendaags-wonen.png\u00a0\u00bb title_text=\u00a0\u00bbC&#039;est la vie contemporaine\u00a0\u00bb _builder_version=\u00a0\u00bb4.17.4&Prime; _module_preset=\u00a0\u00bbdefault\u00a0\u00bb width=\u00a0\u00bb229px\u00a0\u00bb width_tablet=\u00a0\u00bb229px\u00a0\u00bb width_phone=\u00a0\u00bb40%\u00a0\u00bb width_last_edited=\u00a0\u00bbon|phone\u00a0\u00bb module_alignment=\u00a0\u00bbright\u00a0\u00bb custom_margin=\u00a0\u00bb-193px||||false|false\u00a0\u00bb custom_margin_tablet=\u00a0\u00bb-193px||||false|false\u00a0\u00bb custom_margin_phone=\u00a0\u00bb-50px||||false|false\u00a0\u00bb custom_margin_last_edited=\u00a0\u00bbon|phone\u00a0\u00bb global_colors_info=\u00a0\u00bb{}\u00a0\u00bb][\/et_pb_image][\/et_pb_column][\/et_pb_row][\/et_pb_section][et_pb_section fb_built=\u00a0\u00bb1&Prime; custom_padding_last_edited=\u00a0\u00bbon|phone\u00a0\u00bb _builder_version=\u00a0\u00bb4.17.4&Prime; _module_preset=\u00a0\u00bbdefault\u00a0\u00bb background_color=\u00a0\u00bb#f0f0f0&Prime; custom_padding=\u00a0\u00bb0px||100px||false|false\u00a0\u00bb custom_padding_tablet=\u00a0\u00bb0px||100px||false|false\u00a0\u00bb custom_padding_phone=\u00a0\u00bb0px||40px||false|false\u00a0\u00bb global_colors_info=\u00a0\u00bb{}\u00a0\u00bb][et_pb_row make_equal=\u00a0\u00bbon\u00a0\u00bb custom_padding_last_edited=\u00a0\u00bbon|phone\u00a0\u00bb _builder_version=\u00a0\u00bb4.17.4&Prime; _module_preset=\u00a0\u00bbdefault\u00a0\u00bb width=\u00a0\u00bb70%\u00a0\u00bb width_tablet=\u00a0\u00bb70%\u00a0\u00bb width_phone=\u00a0\u00bb80%\u00a0\u00bb width_last_edited=\u00a0\u00bbon|phone\u00a0\u00bb max_width=\u00a0\u00bb2560px\u00a0\u00bb custom_padding=\u00a0\u00bb80px||0px||false|false\u00a0\u00bb custom_padding_tablet=\u00a0\u00bb50px||0px||false|false\u00a0\u00bb custom_padding_phone=\u00a0\u00bb20px||||false|false\u00a0\u00bb global_colors_info=\u00a0\u00bb{}\u00a0\u00bb][et_pb_column type=\u00a0\u00bb4_4&Prime; _builder_version=\u00a0\u00bb4.17.4&Prime; _module_preset=\u00a0\u00bbdefault\u00a0\u00bb global_colors_info=\u00a0\u00bb{}\u00a0\u00bb][et_pb_post_title meta=\u00a0\u00bboff\u00a0\u00bb featured_image=\u00a0\u00bboff\u00a0\u00bb _builder_version=\u00a0\u00bb4.17.4&Prime; _module_preset=\u00a0\u00bbdefault\u00a0\u00bb title_font=\u00a0\u00bb|800||on|||||\u00a0\u00bb title_text_align=\u00a0\u00bbcenter\u00a0\u00bb title_font_size=\u00a0\u00bb37px\u00a0\u00bb title_letter_spacing=\u00a0\u00bb1px\u00a0\u00bb global_colors_info=\u00a0\u00bb{}\u00a0\u00bb][\/et_pb_post_title][et_pb_text _builder_version=\u00a0\u00bb4.17.4&Prime; _module_preset=\u00a0\u00bbdefault\u00a0\u00bb text_letter_spacing=\u00a0\u00bb0.36px\u00a0\u00bb text_line_height=\u00a0\u00bb26px\u00a0\u00bb link_text_color=\u00a0\u00bb#276958&Prime; ul_line_height=\u00a0\u00bb1.7em\u00a0\u00bb header_4_text_color=\u00a0\u00bb#276958&Prime; header_4_font_size=\u00a0\u00bb24px\u00a0\u00bb header_4_letter_spacing=\u00a0\u00bb0.48px\u00a0\u00bb header_4_line_height=\u00a0\u00bb1.2em\u00a0\u00bb text_orientation=\u00a0\u00bbcenter\u00a0\u00bb max_width=\u00a0\u00bb1000px\u00a0\u00bb module_alignment=\u00a0\u00bbcenter\u00a0\u00bb custom_margin=\u00a0\u00bb||16px||false|false\u00a0\u00bb custom_padding=\u00a0\u00bb||50px||false|false\u00a0\u00bb custom_padding_tablet=\u00a0\u00bb||30px||false|false\u00a0\u00bb custom_padding_phone=\u00a0\u00bb||15px||false|false\u00a0\u00bb custom_padding_last_edited=\u00a0\u00bbon|phone\u00a0\u00bb global_colors_info=\u00a0\u00bb{}\u00a0\u00bb]<p>Vous \u00eates \u00e0 la recherche d&rsquo;un espace modulable o\u00f9 vous pouvez vivre, travailler ou vous d\u00e9tendre? <br>Tout est possible dans la Terrace Box !<\/p>[\/et_pb_text][\/et_pb_column][\/et_pb_row][et_pb_row column_structure=\u00a0\u00bb1_3,2_3&Prime; make_equal=\u00a0\u00bbon\u00a0\u00bb custom_padding_last_edited=\u00a0\u00bbon|phone\u00a0\u00bb _builder_version=\u00a0\u00bb4.17.4&Prime; _module_preset=\u00a0\u00bbdefault\u00a0\u00bb width=\u00a0\u00bb70%\u00a0\u00bb width_tablet=\u00a0\u00bb70%\u00a0\u00bb width_phone=\u00a0\u00bb80%\u00a0\u00bb width_last_edited=\u00a0\u00bbon|phone\u00a0\u00bb max_width=\u00a0\u00bb2560px\u00a0\u00bb custom_padding=\u00a0\u00bb13px||0px||false|false\u00a0\u00bb custom_padding_tablet=\u00a0\u00bb||0px||false|false\u00a0\u00bb custom_padding_phone=\u00a0\u00bb20px||||false|false\u00a0\u00bb global_colors_info=\u00a0\u00bb{}\u00a0\u00bb][et_pb_column type=\u00a0\u00bb1_3&Prime; _builder_version=\u00a0\u00bb4.17.4&Prime; _module_preset=\u00a0\u00bbdefault\u00a0\u00bb background_enable_image=\u00a0\u00bboff\u00a0\u00bb global_colors_info=\u00a0\u00bb{}\u00a0\u00bb][et_pb_image src=\u00a0\u00bbhttps:\/\/www.terrasdecor.be\/wp-content\/uploads\/2023\/07\/Ontwerp-zonder-titel.png\u00a0\u00bb alt=\u00a0\u00bbbo\u00eete_terrasse_int\u00e9rieur_terrassecor\u00a0\u00bb title_text=\u00a0\u00bbbo\u00eete_terrasse_int\u00e9rieur_terrassecor\u00a0\u00bb _builder_version=\u00a0\u00bb4.17.4&Prime; _module_preset=\u00a0\u00bbdefault\u00a0\u00bb hover_enabled=\u00a0\u00bb0&Prime; global_colors_info=\u00a0\u00bb{}\u00a0\u00bb sticky_enabled=\u00a0\u00bb0&Prime;][\/et_pb_image][\/et_pb_column][et_pb_column type=\u00a0\u00bb2_3&Prime; _builder_version=\u00a0\u00bb4.17.4&Prime; _module_preset=\u00a0\u00bbdefault\u00a0\u00bb global_colors_info=\u00a0\u00bb{}\u00a0\u00bb][et_pb_text _builder_version=\u00a0\u00bb4.17.4&Prime; _module_preset=\u00a0\u00bbdefault\u00a0\u00bb text_letter_spacing=\u00a0\u00bb0.36px\u00a0\u00bb text_line_height=\u00a0\u00bb22px\u00a0\u00bb header_4_font=\u00a0\u00bb|800|||||||\u00a0\u00bb header_4_text_align=\u00a0\u00bbleft\u00a0\u00bb header_4_text_color=\u00a0\u00bb#276958&Prime; header_4_font_size=\u00a0\u00bb24px\u00a0\u00bb header_4_letter_spacing=\u00a0\u00bb0.48px\u00a0\u00bb header_4_line_height=\u00a0\u00bb1.5em\u00a0\u00bb custom_margin=\u00a0\u00bb||0px||false|false\u00a0\u00bb custom_padding=\u00a0\u00bb10px||15px||false|false\u00a0\u00bb header_4_font_size_tablet=\u00a0\u00bb24px\u00a0\u00bb header_4_font_size_phone=\u00a0\u00bb20px\u00a0\u00bb header_4_font_size_last_edited=\u00a0\u00bbon|phone\u00a0\u00bb header_4_line_height_tablet=\u00a0\u00bb1.5em\u00a0\u00bb header_4_line_height_phone=\u00a0\u00bb1.4em\u00a0\u00bb header_4_line_height_last_edited=\u00a0\u00bbon|phone\u00a0\u00bb global_colors_info=\u00a0\u00bb{}\u00a0\u00bb]<h4>De nombreux avantages<\/h4>[\/et_pb_text][et_pb_text _builder_version=\u00a0\u00bb4.17.4&Prime; _module_preset=\u00a0\u00bbdefault\u00a0\u00bb text_letter_spacing=\u00a0\u00bb0.36px\u00a0\u00bb text_line_height=\u00a0\u00bb26px\u00a0\u00bb link_font=\u00a0\u00bb|800|||||||\u00a0\u00bb link_text_color=\u00a0\u00bb#276958&Prime; ul_line_height=\u00a0\u00bb1.7em\u00a0\u00bb header_4_text_color=\u00a0\u00bb#276958&Prime; header_4_font_size=\u00a0\u00bb24px\u00a0\u00bb header_4_letter_spacing=\u00a0\u00bb0.48px\u00a0\u00bb header_4_line_height=\u00a0\u00bb1.2em\u00a0\u00bb custom_margin=\u00a0\u00bb||16px||false|false\u00a0\u00bb custom_padding=\u00a0\u00bb||30px||false|false\u00a0\u00bb global_colors_info=\u00a0\u00bb{}\u00a0\u00bb]<p>Aucune fondation en b\u00e9ton n&rsquo;est n\u00e9cessaire, ce qui le rend non seulement facile \u00e0 d\u00e9placer, mais il peut \u00e9galement \u00eatre install\u00e9 en une seule journ\u00e9e gr\u00e2ce \u00e0 sa connexion simple.<\/p>\n          \n\n          <p>Un autre grand avantage est qu&rsquo;il r\u00e9pond aux valeurs d&rsquo;isolation actuelles. Vous disposez ainsi d&rsquo;un espace \u00e9conome en \u00e9nergie qui reste confortable tout au long de l&rsquo;ann\u00e9e. La Terrace Box peut \u00eatre \u00e9quip\u00e9e d&rsquo;un \u00e9clairage, d&rsquo;une climatisation et m\u00eame d&rsquo;une cuisine, ce qui vous permet de tirer le meilleur parti de l&rsquo;espace. En r\u00e9sum\u00e9, la Terrace Box offre de nombreux avantages \u00e0 ceux qui recherchent un espace suppl\u00e9mentaire. Que vous ayez besoin d&rsquo;un pool house, d&rsquo;un bureau ou d&rsquo;une maison de soins, un conteneur est la solution id\u00e9ale et peut \u00eatre adapt\u00e9 \u00e0 vos besoins.<\/p>[\/et_pb_text][\/et_pb_column][\/et_pb_row][et_pb_row custom_padding_last_edited=\u00a0\u00bbon|phone\u00a0\u00bb _builder_version=\u00a0\u00bb4.17.4&Prime; _module_preset=\u00a0\u00bbdefault\u00a0\u00bb width=\u00a0\u00bb70%\u00a0\u00bb width_tablet=\u00a0\u00bb70%\u00a0\u00bb width_phone=\u00a0\u00bb80%\u00a0\u00bb width_last_edited=\u00a0\u00bbon|phone\u00a0\u00bb max_width=\u00a0\u00bb2560px\u00a0\u00bb custom_padding=\u00a0\u00bb61px||0px|||\u00a0\u00bb custom_padding_tablet=\u00a0\u00bb0px||0px||false|false\u00a0\u00bb custom_padding_phone=\u00a0\u00bb0px||0px||false|false\u00a0\u00bb global_colors_info=\u00a0\u00bb{}\u00a0\u00bb][et_pb_column type=\u00a0\u00bb4_4&Prime; _builder_version=\u00a0\u00bb4.17.4&Prime; _module_preset=\u00a0\u00bbdefault\u00a0\u00bb global_colors_info=\u00a0\u00bb{}\u00a0\u00bb][dipi_masonry_gallery images=\u00a0\u00bb334937,334938,334939&Prime; columns=\u00a0\u00bb3&Prime; gutter=\u00a0\u00bb60&Prime; columns_tablet=\u00a0\u00bb2&Prime; columns_phone=\u00a0\u00bb1&Prime; columns_last_edited=\u00a0\u00bbon|phone\u00a0\u00bb gutter_tablet=\u00a0\u00bb30&Prime; gutter_phone=\u00a0\u00bb30&Prime; gutter_last_edited=\u00a0\u00bbon|phone\u00a0\u00bb _builder_version=\u00a0\u00bb4.17.4&Prime; _module_preset=\u00a0\u00bbdefault\u00a0\u00bb global_colors_info=\u00a0\u00bb{}\u00a0\u00bb][\/dipi_masonry_gallery][\/et_pb_column][\/et_pb_row][\/et_pb_section][et_pb_section fb_built=\u00a0\u00bb1&Prime; _builder_version=\u00a0\u00bb4.17.4&Prime; _module_preset=\u00a0\u00bbdefault\u00a0\u00bb custom_padding=\u00a0\u00bb||0px|||\u00a0\u00bb locked=\u00a0\u00bboff\u00a0\u00bb global_colors_info=\u00a0\u00bb{}\u00a0\u00bb][et_pb_row column_structure=\u00a0\u00bb1_2,1_2&Prime; use_custom_gutter=\u00a0\u00bbon\u00a0\u00bb gutter_width=\u00a0\u00bb1&Prime; make_equal=\u00a0\u00bbon\u00a0\u00bb custom_padding_last_edited=\u00a0\u00bbon|phone\u00a0\u00bb _builder_version=\u00a0\u00bb4.17.4&Prime; _module_preset=\u00a0\u00bbdefault\u00a0\u00bb width=\u00a0\u00bb70%\u00a0\u00bb width_tablet=\u00a0\u00bb70%\u00a0\u00bb width_phone=\u00a0\u00bb80%\u00a0\u00bb width_last_edited=\u00a0\u00bbon|phone\u00a0\u00bb max_width=\u00a0\u00bb939px\u00a0\u00bb custom_padding=\u00a0\u00bb0px||0px||false|false\u00a0\u00bb custom_padding_tablet=\u00a0\u00bb0px||50px||false|false\u00a0\u00bb custom_padding_phone=\u00a0\u00bb0px||20px||false|false\u00a0\u00bb saved_tabs=\u00a0\u00bball\u00a0\u00bb locked=\u00a0\u00bboff\u00a0\u00bb global_colors_info=\u00a0\u00bb{}\u00a0\u00bb][et_pb_column type=\u00a0\u00bb1_2&Prime; _builder_version=\u00a0\u00bb4.17.4&Prime; _module_preset=\u00a0\u00bbdefault\u00a0\u00bb global_colors_info=\u00a0\u00bb{}\u00a0\u00bb][et_pb_blurb title=\u00a0\u00bbPlus de 45 ans d&#039;exp\u00e9rience\u00a0\u00bb image=\u00a0\u00bbhttps:\/\/www.terrasdecor.be\/wp-content\/uploads\/2022\/12\/Ervaring.png\u00a0\u00bb icon_placement=\u00a0\u00bbleft\u00a0\u00bb image_icon_width=\u00a0\u00bb29px\u00a0\u00bb image_icon_width_tablet=\u00a0\u00bb25px\u00a0\u00bb image_icon_width_phone=\u00a0\u00bb20px\u00a0\u00bb image_icon_width_last_edited=\u00a0\u00bbon|phone\u00a0\u00bb _builder_version=\u00a0\u00bb4.17.4&Prime; _module_preset=\u00a0\u00bbdefault\u00a0\u00bb header_text_color=\u00a0\u00bb#276958&Prime; header_font_size=\u00a0\u00bb24px\u00a0\u00bb header_letter_spacing=\u00a0\u00bb0.48px\u00a0\u00bb header_line_height=\u00a0\u00bb1.3em\u00a0\u00bb background_color=\u00a0\u00bbRGBA(255,255,255,0)\u00a0\u00bb custom_margin=\u00a0\u00bb||0px||false|false\u00a0\u00bb custom_padding=\u00a0\u00bb29px||27px|46px|false|false\u00a0\u00bb custom_padding_tablet=\u00a0\u00bb5px||5px|46px|true|false\u00a0\u00bb custom_padding_phone=\u00a0\u00bb20px||20px|20px|true|false\u00a0\u00bb custom_padding_last_edited=\u00a0\u00bbon|phone\u00a0\u00bb header_font_size_tablet=\u00a0\u00bb24px\u00a0\u00bb header_font_size_phone=\u00a0\u00bb20px\u00a0\u00bb header_font_size_last_edited=\u00a0\u00bbon|phone\u00a0\u00bb header_line_height_tablet=\u00a0\u00bb1em\u00a0\u00bb header_line_height_phone=\u00a0\u00bb1.1em\u00a0\u00bb header_line_height_last_edited=\u00a0\u00bbon|phone\u00a0\u00bb global_colors_info=\u00a0\u00bb{}\u00a0\u00bb][\/et_pb_blurb][et_pb_blurb title=\u00a0\u00bbDe A \u00e0 Z par des experts internes\u00a0\u00bb image=\u00a0\u00bbhttps:\/\/www.terrasdecor.be\/wp-content\/uploads\/2022\/12\/Atelier.png\u00a0\u00bb icon_placement=\u00a0\u00bbleft\u00a0\u00bb image_icon_width=\u00a0\u00bb29px\u00a0\u00bb image_icon_width_tablet=\u00a0\u00bb25px\u00a0\u00bb image_icon_width_phone=\u00a0\u00bb20px\u00a0\u00bb image_icon_width_last_edited=\u00a0\u00bbon|phone\u00a0\u00bb _builder_version=\u00a0\u00bb4.17.4&Prime; _module_preset=\u00a0\u00bbdefault\u00a0\u00bb header_text_color=\u00a0\u00bb#276958&Prime; header_font_size=\u00a0\u00bb24px\u00a0\u00bb header_letter_spacing=\u00a0\u00bb0.48px\u00a0\u00bb header_line_height=\u00a0\u00bb1.3em\u00a0\u00bb background_color=\u00a0\u00bbRGBA(255,255,255,0)\u00a0\u00bb custom_margin=\u00a0\u00bb||0px||false|false\u00a0\u00bb custom_padding=\u00a0\u00bb29px||27px|46px|false|false\u00a0\u00bb custom_padding_tablet=\u00a0\u00bb20px||20px|46px|true|false\u00a0\u00bb custom_padding_phone=\u00a0\u00bb20px||20px|20px|true|false\u00a0\u00bb custom_padding_last_edited=\u00a0\u00bbon|phone\u00a0\u00bb header_font_size_tablet=\u00a0\u00bb24px\u00a0\u00bb header_font_size_phone=\u00a0\u00bb20px\u00a0\u00bb header_font_size_last_edited=\u00a0\u00bbon|phone\u00a0\u00bb header_line_height_tablet=\u00a0\u00bb1em\u00a0\u00bb header_line_height_phone=\u00a0\u00bb1.1em\u00a0\u00bb header_line_height_last_edited=\u00a0\u00bbon|phone\u00a0\u00bb global_colors_info=\u00a0\u00bb{}\u00a0\u00bb][\/et_pb_blurb][\/et_pb_column][et_pb_column type=\u00a0\u00bb1_2&Prime; _builder_version=\u00a0\u00bb4.17.4&Prime; _module_preset=\u00a0\u00bbdefault\u00a0\u00bb global_colors_info=\u00a0\u00bb{}\u00a0\u00bb][et_pb_blurb title=\u00a0\u00bbSalle d&#039;exposition spacieuse\u00a0\u00bb image=\u00a0\u00bbhttps:\/\/www.terrasdecor.be\/wp-content\/uploads\/2022\/12\/Showroom.png\u00a0\u00bb icon_placement=\u00a0\u00bbleft\u00a0\u00bb image_icon_width=\u00a0\u00bb29px\u00a0\u00bb image_icon_width_tablet=\u00a0\u00bb25px\u00a0\u00bb image_icon_width_phone=\u00a0\u00bb20px\u00a0\u00bb image_icon_width_last_edited=\u00a0\u00bbon|phone\u00a0\u00bb _builder_version=\u00a0\u00bb4.17.4&Prime; _module_preset=\u00a0\u00bbdefault\u00a0\u00bb header_text_color=\u00a0\u00bb#276958&Prime; header_font_size=\u00a0\u00bb24px\u00a0\u00bb header_letter_spacing=\u00a0\u00bb0.48px\u00a0\u00bb header_line_height=\u00a0\u00bb1.3em\u00a0\u00bb background_color=\u00a0\u00bbRGBA(255,255,255,0)\u00a0\u00bb custom_margin=\u00a0\u00bb||0px||false|false\u00a0\u00bb custom_padding=\u00a0\u00bb29px||27px|46px|false|false\u00a0\u00bb custom_padding_tablet=\u00a0\u00bb10px||20px|46px|false|false\u00a0\u00bb custom_padding_phone=\u00a0\u00bb20px||20px|20px|true|false\u00a0\u00bb custom_padding_last_edited=\u00a0\u00bbon|phone\u00a0\u00bb header_font_size_tablet=\u00a0\u00bb24px\u00a0\u00bb header_font_size_phone=\u00a0\u00bb20px\u00a0\u00bb header_font_size_last_edited=\u00a0\u00bbon|phone\u00a0\u00bb header_line_height_tablet=\u00a0\u00bb1em\u00a0\u00bb header_line_height_phone=\u00a0\u00bb1.1em\u00a0\u00bb header_line_height_last_edited=\u00a0\u00bbon|phone\u00a0\u00bb global_colors_info=\u00a0\u00bb{}\u00a0\u00bb][\/et_pb_blurb][et_pb_blurb title=\u00a0\u00bbEntreprise familiale\u00a0\u00bb image=\u00a0\u00bbhttps:\/\/www.terrasdecor.be\/wp-content\/uploads\/2022\/12\/Familiebedrijf.png\u00a0\u00bb icon_placement=\u00a0\u00bbleft\u00a0\u00bb image_icon_width=\u00a0\u00bb25px\u00a0\u00bb image_icon_width_tablet=\u00a0\u00bb25px\u00a0\u00bb image_icon_width_phone=\u00a0\u00bb20px\u00a0\u00bb image_icon_width_last_edited=\u00a0\u00bbon|phone\u00a0\u00bb _builder_version=\u00a0\u00bb4.17.4&Prime; _module_preset=\u00a0\u00bbdefault\u00a0\u00bb header_text_color=\u00a0\u00bb#276958&Prime; header_font_size=\u00a0\u00bb24px\u00a0\u00bb header_letter_spacing=\u00a0\u00bb0.48px\u00a0\u00bb header_line_height=\u00a0\u00bb1.6em\u00a0\u00bb background_color=\u00a0\u00bbRGBA(255,255,255,0)\u00a0\u00bb custom_margin=\u00a0\u00bb||0px||false|false\u00a0\u00bb custom_padding=\u00a0\u00bb29px||27px|46px|false|false\u00a0\u00bb custom_padding_tablet=\u00a0\u00bb5px||0px|46px|false|false\u00a0\u00bb custom_padding_phone=\u00a0\u00bb20px||20px|20px|true|false\u00a0\u00bb custom_padding_last_edited=\u00a0\u00bbon|phone\u00a0\u00bb header_font_size_tablet=\u00a0\u00bb24px\u00a0\u00bb header_font_size_phone=\u00a0\u00bb20px\u00a0\u00bb header_font_size_last_edited=\u00a0\u00bbon|phone\u00a0\u00bb global_colors_info=\u00a0\u00bb{}\u00a0\u00bb][\/et_pb_blurb][\/et_pb_column][\/et_pb_row][\/et_pb_section][et_pb_section fb_built=\u00a0\u00bb1&Prime; _builder_version=\u00a0\u00bb4.17.4&Prime; custom_padding=\u00a0\u00bb50px||100px||false|false\u00a0\u00bb locked=\u00a0\u00bboff\u00a0\u00bb global_colors_info=\u00a0\u00bb{}\u00a0\u00bb][et_pb_row column_structure=\u00a0\u00bb1_2,1_2&Prime; use_custom_gutter=\u00a0\u00bbon\u00a0\u00bb make_equal=\u00a0\u00bbon\u00a0\u00bb _builder_version=\u00a0\u00bb4.17.4&Prime; _module_preset=\u00a0\u00bbdefault\u00a0\u00bb width=\u00a0\u00bb70%\u00a0\u00bb width_tablet=\u00a0\u00bb70%\u00a0\u00bb width_phone=\u00a0\u00bb80%\u00a0\u00bb width_last_edited=\u00a0\u00bbon|phone\u00a0\u00bb max_width=\u00a0\u00bb2560px\u00a0\u00bb custom_padding=\u00a0\u00bb0px||0px||true|false\u00a0\u00bb saved_tabs=\u00a0\u00bball\u00a0\u00bb global_colors_info=\u00a0\u00bb{}\u00a0\u00bb][et_pb_column type=\u00a0\u00bb1_2&Prime; _builder_version=\u00a0\u00bb4.17.4&Prime; _module_preset=\u00a0\u00bbdefault\u00a0\u00bb use_background_color_gradient=\u00a0\u00bbon\u00a0\u00bb background_color_gradient_stops=\u00a0\u00bbrgba(98,98,98,0.2) 0%|rgba(98,98,98,0.21) 100%\u00a0\u00bb background_color_gradient_overlays_image=\u00a0\u00bbon\u00a0\u00bb background_image=\u00a0\u00bbhttps:\/\/www.terrasdecor.be\/wp-content\/uploads\/2022\/07\/Terras-Decor-Showroom-Zulte.jpg\u00a0\u00bb global_colors_info=\u00a0\u00bb{}\u00a0\u00bb][et_pb_cta title=\u00a0\u00bbVISITEZ NOTRE SALLE D&#039;EXPOSITION\u00a0\u00bb button_url=\u00a0\u00bbhttps:\/\/www.terrasdecor.be\/fr\/salle-dexposition\/\u00a0\u00bb button_text=\u00a0\u00bbSALLE D&#039;EXPOSITION\u00a0\u00bb _builder_version=\u00a0\u00bb4.17.4&Prime; _module_preset=\u00a0\u00bbdefault\u00a0\u00bb header_font=\u00a0\u00bb|700|||||||\u00a0\u00bb header_font_size=\u00a0\u00bb35px\u00a0\u00bb header_letter_spacing=\u00a0\u00bb1.75px\u00a0\u00bb header_line_height=\u00a0\u00bb1.3em\u00a0\u00bb background_enable_color=\u00a0\u00bboff\u00a0\u00bb background_enable_image=\u00a0\u00bboff\u00a0\u00bb custom_button=\u00a0\u00bbon\u00a0\u00bb button_bg_color=\u00a0\u00bb#bec200&Prime; button_letter_spacing=\u00a0\u00bb0.4px\u00a0\u00bb custom_padding=\u00a0\u00bb137px||96px||false|false\u00a0\u00bb custom_padding_tablet=\u00a0\u00bb137px||96px||false|false\u00a0\u00bb custom_padding_phone=\u00a0\u00bb80px||80px||false|false\u00a0\u00bb custom_padding_last_edited=\u00a0\u00bbon|phone\u00a0\u00bb header_font_size_tablet=\u00a0\u00bb35px\u00a0\u00bb header_font_size_phone=\u00a0\u00bb25px\u00a0\u00bb header_font_size_last_edited=\u00a0\u00bbon|phone\u00a0\u00bb header_line_height_tablet=\u00a0\u00bb\u00a0\u00bb header_line_height_phone=\u00a0\u00bb1.3em\u00a0\u00bb header_line_height_last_edited=\u00a0\u00bbon|phone\u00a0\u00bb global_colors_info=\u00a0\u00bb{}\u00a0\u00bb button_letter_spacing__hover_enabled=\u00a0\u00bboff|hover\u00a0\u00bb button_letter_spacing__hover=\u00a0\u00bb1.4px\u00a0\u00bb button_bg_color__hover_enabled=\u00a0\u00bbon|hover\u00a0\u00bb button_bg_color__hover=\u00a0\u00bb#276958&Prime; button_bg_enable_color__hover=\u00a0\u00bbon\u00a0\u00bb][\/et_pb_cta][\/et_pb_column][et_pb_column type=\u00a0\u00bb1_2&Prime; _builder_version=\u00a0\u00bb4.17.4&Prime; _module_preset=\u00a0\u00bbdefault\u00a0\u00bb global_colors_info=\u00a0\u00bb{}\u00a0\u00bb][et_pb_cta title=\u00a0\u00bbVOUS VOULEZ UN HABITAT CONTEMPORAIN ?\u00a0\u00bb button_url=\u00a0\u00bbhttps:\/\/www.terrasdecor.be\/fr\/citation\/\u00a0\u00bb button_text=\u00a0\u00bbDEMANDER UN DEVIS\u00a0\u00bb _builder_version=\u00a0\u00bb4.17.4&Prime; _module_preset=\u00a0\u00bbdefault\u00a0\u00bb header_font=\u00a0\u00bb|700|||||||\u00a0\u00bb header_font_size=\u00a0\u00bb35px\u00a0\u00bb header_letter_spacing=\u00a0\u00bb1.75px\u00a0\u00bb header_line_height=\u00a0\u00bb1.3em\u00a0\u00bb background_enable_color=\u00a0\u00bboff\u00a0\u00bb use_background_color_gradient=\u00a0\u00bbon\u00a0\u00bb background_color_gradient_stops=\u00a0\u00bbrgba(98,98,98,0.5) 0%|rgba(98,98,98,0.2) 100%\u00a0\u00bb background_color_gradient_overlays_image=\u00a0\u00bbon\u00a0\u00bb background_image=\u00a0\u00bbhttps:\/\/www.terrasdecor.be\/wp-content\/uploads\/2023\/01\/image00019.jpg\u00a0\u00bb custom_button=\u00a0\u00bbon\u00a0\u00bb button_bg_color=\u00a0\u00bb#bec200&Prime; button_letter_spacing=\u00a0\u00bb0.4px\u00a0\u00bb custom_padding=\u00a0\u00bb137px||96px||false|false\u00a0\u00bb custom_padding_tablet=\u00a0\u00bb137px||96px||false|false\u00a0\u00bb custom_padding_phone=\u00a0\u00bb80px||80px||false|false\u00a0\u00bb custom_padding_last_edited=\u00a0\u00bbon|phone\u00a0\u00bb header_font_size_tablet=\u00a0\u00bb35px\u00a0\u00bb header_font_size_phone=\u00a0\u00bb25px\u00a0\u00bb header_font_size_last_edited=\u00a0\u00bbon|phone\u00a0\u00bb header_line_height_tablet=\u00a0\u00bb\u00a0\u00bb header_line_height_phone=\u00a0\u00bb1.3em\u00a0\u00bb header_line_height_last_edited=\u00a0\u00bbon|phone\u00a0\u00bb global_colors_info=\u00a0\u00bb{}\u00a0\u00bb button_letter_spacing__hover_enabled=\u00a0\u00bboff|hover\u00a0\u00bb button_letter_spacing__hover=\u00a0\u00bb1.4px\u00a0\u00bb button_bg_color__hover_enabled=\u00a0\u00bbon|hover\u00a0\u00bb button_bg_color__hover=\u00a0\u00bb#276958&Prime; button_bg_enable_color__hover=\u00a0\u00bbon\u00a0\u00bb][\/et_pb_cta][\/et_pb_column][\/et_pb_row][\/et_pb_section]\n","protected":false},"excerpt":{"rendered":"<p>Vous \u00eates \u00e0 la recherche d&rsquo;un espace modulable o\u00f9 vous pouvez vivre, travailler ou vous d\u00e9tendre? Tout est possible dans la Terrace Box !De nombreux avantagesAucune fondation en b\u00e9ton n&rsquo;est n\u00e9cessaire, ce qui le rend non seulement facile \u00e0 d\u00e9placer, mais il peut \u00e9galement \u00eatre install\u00e9 en une seule journ\u00e9e gr\u00e2ce \u00e0 sa connexion simple. [&hellip;]<\/p>\n","protected":false},"author":1,"featured_media":336968,"comment_status":"closed","ping_status":"closed","sticky":false,"template":"","format":"standard","meta":{"_seopress_robots_primary_cat":"none","_seopress_titles_title":"","_seopress_titles_desc":"","_seopress_robots_index":"","_et_pb_use_builder":"on","_et_pb_old_content":"","_et_gb_content_width":"","footnotes":""},"categories":[39],"tags":[],"dipi_cpt_category":[],"class_list":["post-25544738","post","type-post","status-publish","format-standard","has-post-thumbnail","hentry","category-decor-de-terrasse"],"_links":{"self":[{"href":"https:\/\/www.terrasdecor.be\/fr\/wp-json\/wp\/v2\/posts\/25544738","targetHints":{"allow":["GET"]}}],"collection":[{"href":"https:\/\/www.terrasdecor.be\/fr\/wp-json\/wp\/v2\/posts"}],"about":[{"href":"https:\/\/www.terrasdecor.be\/fr\/wp-json\/wp\/v2\/types\/post"}],"author":[{"embeddable":true,"href":"https:\/\/www.terrasdecor.be\/fr\/wp-json\/wp\/v2\/users\/1"}],"replies":[{"embeddable":true,"href":"https:\/\/www.terrasdecor.be\/fr\/wp-json\/wp\/v2\/comments?post=25544738"}],"version-history":[{"count":2,"href":"https:\/\/www.terrasdecor.be\/fr\/wp-json\/wp\/v2\/posts\/25544738\/revisions"}],"predecessor-version":[{"id":25544758,"href":"https:\/\/www.terrasdecor.be\/fr\/wp-json\/wp\/v2\/posts\/25544738\/revisions\/25544758"}],"wp:featuredmedia":[{"embeddable":true,"href":"https:\/\/www.terrasdecor.be\/fr\/wp-json\/wp\/v2\/media\/336968"}],"wp:attachment":[{"href":"https:\/\/www.terrasdecor.be\/fr\/wp-json\/wp\/v2\/media?parent=25544738"}],"wp:term":[{"taxonomy":"category","embeddable":true,"href":"https:\/\/www.terrasdecor.be\/fr\/wp-json\/wp\/v2\/categories?post=25544738"},{"taxonomy":"post_tag","embeddable":true,"href":"https:\/\/www.terrasdecor.be\/fr\/wp-json\/wp\/v2\/tags?post=25544738"},{"taxonomy":"dipi_cpt_category","embeddable":true,"href":"https:\/\/www.terrasdecor.be\/fr\/wp-json\/wp\/v2\/dipi_cpt_category?post=25544738"}],"curies":[{"name":"wp","href":"https:\/\/api.w.org\/{rel}","templated":true}]}}